{"id":1716,"date":"2025-08-19T16:05:02","date_gmt":"2025-08-19T16:05:02","guid":{"rendered":"https:\/\/crp.rs\/?p=1716"},"modified":"2025-12-04T19:27:52","modified_gmt":"2025-12-04T19:27:52","slug":"hrabri-glas","status":"publish","type":"post","link":"https:\/\/crp.rs\/index.php\/2025\/08\/19\/hrabri-glas\/","title":{"rendered":"Hrabri Glas"},"content":{"rendered":"\n<p><strong>Centar za razvoj Pomoravlja na konferenciji o izbornoj demokratiji: Priznanje &#8222;Hrabri glas&#8220; za posmatranje izbora u Svilajncu<\/strong><\/p>\n\n\n\n<p>U godini kada oko 3,7 milijardi ljudi \u0161irom sveta izlazi na izbore, pitanje stanja izborne demokratije postaje klju\u010dno. Da li taj broj budi vi\u0161e nade ili straha? Upravo ovim pitanjem otvorena je konferencija posve\u0107ena izbornim procesima i savremenoj krizi izborne demokratije, koju je organizovala <strong>CRTA<\/strong> \u2013 organizacija posve\u0107ena razvoju demokratske kulture i za\u0161titi izbornih prava.<\/p>\n\n\n\n<p>Konferencija je okupila akademske istra\u017eiva\u010de, eksperte iz raznih oblasti, anga\u017eovane intelektualce i aktiviste iz Srbije i sveta, sa ciljem da kroz plenarne diskusije, okrugle stolove, radne grupe i radionice do\u0111u do konkretnih re\u0161enja za unapre\u0111enje izbornih procesa i ja\u010danje demokratskih institucija.<\/p>\n\n\n\n<p>Posebna pa\u017enja bila je usmerena na izazove kao \u0161to su politi\u010dki klijentelizam, izborni in\u017eenjering, medijske manipulacije i potreba za sna\u017enijim mehanizmima za nadzor i analizu izbora.<\/p>\n\n\n\n<p>Udru\u017eenje <strong>Centar za razvoj Pomoravlja<\/strong> imalo je \u010dast da u\u010destvuje na ovoj zna\u010dajnoj konferenciji, kao organizacija koja aktivno doprinosi ja\u010danju lokalne demokratije. Na sve\u010danom zatvaranju, na\u0161em udru\u017eenju dodeljeno je priznanje <strong>&#8222;Hrabri glas&#8220;<\/strong> za <strong>hrabri poduhvat posmatranja lokalnih izbora u Svilajncu 2024. godine<\/strong>.<\/p>\n\n\n\n<p>Ovo priznanje za nas predstavlja sna\u017enu podr\u0161ku i podsticaj da nastavimo da se borimo za transparentne, slobodne i po\u0161tene izbore, posebno u lokalnim zajednicama gde je gra\u0111anski nadzor \u010desto pod velikim izazovima.<\/p>\n\n\n\n<p>Zahvaljujemo se CRTI na organizaciji ove va\u017ene konferencije i na ukazanom priznanju. Nastavljamo da radimo sa istom posve\u0107eno\u0161\u0107u \u2013 jer <strong>hrabri glasovi \u010dine razliku<\/strong>.<\/p>\n<div style=\"margin-top: 0px; margin-bottom: 0px;\" class=\"sharethis-inline-share-buttons\" ><\/div>","protected":false},"excerpt":{"rendered":"<p>Centar za razvoj Pomoravlja na konferenciji o izbornoj demokratiji: Priznanje &#8222;Hrabri glas&#8220; za posmatranje izbora u Svilajncu U godini kada oko 3,7 milijardi ljudi \u0161irom sveta izlazi na izbore, pitanje stanja izborne demokratije postaje klju\u010dno. Da li taj broj budi vi\u0161e nade ili straha? Upravo ovim pitanjem otvorena je konferencija posve\u0107ena izbornim procesima i savremenoj&#8230;<\/p>\n","protected":false},"author":1,"featured_media":1919,"comment_status":"open","ping_status":"open","sticky":false,"template":"","format":"standard","meta":{"_acf_changed":false,"_themeisle_gutenberg_block_has_review":false,"_kadence_starter_templates_imported_post":false,"_kad_post_transparent":"","_kad_post_title":"","_kad_post_layout":"","_kad_post_sidebar_id":"","_kad_post_content_style":"","_kad_post_vertical_padding":"","_kad_post_feature":"","_kad_post_feature_position":"","_kad_post_header":false,"_kad_post_footer":false,"footnotes":""},"categories":[28],"tags":[],"class_list":["post-1716","post","type-post","status-publish","format-standard","has-post-thumbnail","hentry","category-aktuelnosti"],"acf":[],"yoast_head":"<!-- This site is optimized with the Yoast SEO plugin v25.8 - https:\/\/yoast.com\/wordpress\/plugins\/seo\/ -->\n<title>Hrabri Glas - CRP<\/title>\n<meta name=\"robots\" content=\"index, follow, max-snippet:-1, max-image-preview:large, max-video-preview:-1\" \/>\n<link rel=\"canonical\" href=\"https:\/\/crp.rs\/index.php\/2025\/08\/19\/hrabri-glas\/\" \/>\n<meta property=\"og:locale\" content=\"sr_RS\" \/>\n<meta property=\"og:type\" content=\"article\" \/>\n<meta property=\"og:title\" content=\"Hrabri Glas - CRP\" \/>\n<meta property=\"og:description\" content=\"Centar za razvoj Pomoravlja na konferenciji o izbornoj demokratiji: Priznanje &#8222;Hrabri glas&#8220; za posmatranje izbora u Svilajncu U godini kada oko 3,7 milijardi ljudi \u0161irom sveta izlazi na izbore, pitanje stanja izborne demokratije postaje klju\u010dno. Da li taj broj budi vi\u0161e nade ili straha? Upravo ovim pitanjem otvorena je konferencija posve\u0107ena izbornim procesima i savremenoj...\" \/>\n<meta property=\"og:url\" content=\"https:\/\/crp.rs\/index.php\/2025\/08\/19\/hrabri-glas\/\" \/>\n<meta property=\"og:site_name\" content=\"CRP\" \/>\n<meta property=\"article:published_time\" content=\"2025-08-19T16:05:02+00:00\" \/>\n<meta property=\"article:modified_time\" content=\"2025-12-04T19:27:52+00:00\" \/>\n<meta property=\"og:image\" content=\"https:\/\/crp.rs\/wp-content\/uploads\/2025\/08\/hrabri-glas-2024-1x1-1-1024x1024.png\" \/>\n\t<meta property=\"og:image:width\" content=\"1024\" \/>\n\t<meta property=\"og:image:height\" content=\"1024\" \/>\n\t<meta property=\"og:image:type\" content=\"image\/png\" \/>\n<meta name=\"author\" content=\"CRP\" \/>\n<meta name=\"twitter:card\" content=\"summary_large_image\" \/>\n<meta name=\"twitter:label1\" content=\"\u041d\u0430\u043f\u0438\u0441\u0430\u043d\u043e \u043e\u0434\" \/>\n\t<meta name=\"twitter:data1\" content=\"CRP\" \/>\n\t<meta name=\"twitter:label2\" content=\"\u041f\u0440\u043e\u0446\u0435\u045a\u0435\u043d\u043e \u0432\u0440\u0435\u043c\u0435 \u0447\u0438\u0442\u0430\u045a\u0430\" \/>\n\t<meta name=\"twitter:data2\" content=\"2 \u043c\u0438\u043d\u0443\u0442\u0430\" \/>\n<script type=\"application\/ld+json\" class=\"yoast-schema-graph\">{\"@context\":\"https:\/\/schema.org\",\"@graph\":[{\"@type\":\"Article\",\"@id\":\"https:\/\/crp.rs\/index.php\/2025\/08\/19\/hrabri-glas\/#article\",\"isPartOf\":{\"@id\":\"https:\/\/crp.rs\/index.php\/2025\/08\/19\/hrabri-glas\/\"},\"author\":{\"name\":\"CRP\",\"@id\":\"https:\/\/crp.rs\/#\/schema\/person\/5a52185a159bf3f73025ca396929dabd\"},\"headline\":\"Hrabri Glas\",\"datePublished\":\"2025-08-19T16:05:02+00:00\",\"dateModified\":\"2025-12-04T19:27:52+00:00\",\"mainEntityOfPage\":{\"@id\":\"https:\/\/crp.rs\/index.php\/2025\/08\/19\/hrabri-glas\/\"},\"wordCount\":265,\"commentCount\":0,\"publisher\":{\"@id\":\"https:\/\/crp.rs\/#organization\"},\"image\":{\"@id\":\"https:\/\/crp.rs\/index.php\/2025\/08\/19\/hrabri-glas\/#primaryimage\"},\"thumbnailUrl\":\"https:\/\/crp.rs\/wp-content\/uploads\/2025\/08\/hrabri-glas-2024-1x1-1.png\",\"articleSection\":[\"Aktuelnosti\"],\"inLanguage\":\"sr-RS\",\"potentialAction\":[{\"@type\":\"CommentAction\",\"name\":\"Comment\",\"target\":[\"https:\/\/crp.rs\/index.php\/2025\/08\/19\/hrabri-glas\/#respond\"]}]},{\"@type\":\"WebPage\",\"@id\":\"https:\/\/crp.rs\/index.php\/2025\/08\/19\/hrabri-glas\/\",\"url\":\"https:\/\/crp.rs\/index.php\/2025\/08\/19\/hrabri-glas\/\",\"name\":\"Hrabri Glas - CRP\",\"isPartOf\":{\"@id\":\"https:\/\/crp.rs\/#website\"},\"primaryImageOfPage\":{\"@id\":\"https:\/\/crp.rs\/index.php\/2025\/08\/19\/hrabri-glas\/#primaryimage\"},\"image\":{\"@id\":\"https:\/\/crp.rs\/index.php\/2025\/08\/19\/hrabri-glas\/#primaryimage\"},\"thumbnailUrl\":\"https:\/\/crp.rs\/wp-content\/uploads\/2025\/08\/hrabri-glas-2024-1x1-1.png\",\"datePublished\":\"2025-08-19T16:05:02+00:00\",\"dateModified\":\"2025-12-04T19:27:52+00:00\",\"breadcrumb\":{\"@id\":\"https:\/\/crp.rs\/index.php\/2025\/08\/19\/hrabri-glas\/#breadcrumb\"},\"inLanguage\":\"sr-RS\",\"potentialAction\":[{\"@type\":\"ReadAction\",\"target\":[\"https:\/\/crp.rs\/index.php\/2025\/08\/19\/hrabri-glas\/\"]}]},{\"@type\":\"ImageObject\",\"inLanguage\":\"sr-RS\",\"@id\":\"https:\/\/crp.rs\/index.php\/2025\/08\/19\/hrabri-glas\/#primaryimage\",\"url\":\"https:\/\/crp.rs\/wp-content\/uploads\/2025\/08\/hrabri-glas-2024-1x1-1.png\",\"contentUrl\":\"https:\/\/crp.rs\/wp-content\/uploads\/2025\/08\/hrabri-glas-2024-1x1-1.png\",\"width\":1080,\"height\":1080},{\"@type\":\"BreadcrumbList\",\"@id\":\"https:\/\/crp.rs\/index.php\/2025\/08\/19\/hrabri-glas\/#breadcrumb\",\"itemListElement\":[{\"@type\":\"ListItem\",\"position\":1,\"name\":\"\u041f\u043e\u0447\u0435\u0442\u043d\u0430\",\"item\":\"https:\/\/crp.rs\/\"},{\"@type\":\"ListItem\",\"position\":2,\"name\":\"Hrabri Glas\"}]},{\"@type\":\"WebSite\",\"@id\":\"https:\/\/crp.rs\/#website\",\"url\":\"https:\/\/crp.rs\/\",\"name\":\"CRP\",\"description\":\"Centar za Razvoj Pomoravlja\",\"publisher\":{\"@id\":\"https:\/\/crp.rs\/#organization\"},\"potentialAction\":[{\"@type\":\"SearchAction\",\"target\":{\"@type\":\"EntryPoint\",\"urlTemplate\":\"https:\/\/crp.rs\/?s={search_term_string}\"},\"query-input\":{\"@type\":\"PropertyValueSpecification\",\"valueRequired\":true,\"valueName\":\"search_term_string\"}}],\"inLanguage\":\"sr-RS\"},{\"@type\":\"Organization\",\"@id\":\"https:\/\/crp.rs\/#organization\",\"name\":\"CRP\",\"url\":\"https:\/\/crp.rs\/\",\"logo\":{\"@type\":\"ImageObject\",\"inLanguage\":\"sr-RS\",\"@id\":\"https:\/\/crp.rs\/#\/schema\/logo\/image\/\",\"url\":\"https:\/\/crp.rs\/wp-content\/uploads\/2025\/09\/cropped-CRP-LOGO-SAJT.png\",\"contentUrl\":\"https:\/\/crp.rs\/wp-content\/uploads\/2025\/09\/cropped-CRP-LOGO-SAJT.png\",\"width\":1667,\"height\":667,\"caption\":\"CRP\"},\"image\":{\"@id\":\"https:\/\/crp.rs\/#\/schema\/logo\/image\/\"}},{\"@type\":\"Person\",\"@id\":\"https:\/\/crp.rs\/#\/schema\/person\/5a52185a159bf3f73025ca396929dabd\",\"name\":\"CRP\",\"image\":{\"@type\":\"ImageObject\",\"inLanguage\":\"sr-RS\",\"@id\":\"https:\/\/crp.rs\/#\/schema\/person\/image\/\",\"url\":\"https:\/\/secure.gravatar.com\/avatar\/6c02a68bf21861e372603142ee10912924107e02c383d805afe76c08cee6b33b?s=96&d=mm&r=g\",\"contentUrl\":\"https:\/\/secure.gravatar.com\/avatar\/6c02a68bf21861e372603142ee10912924107e02c383d805afe76c08cee6b33b?s=96&d=mm&r=g\",\"caption\":\"CRP\"},\"sameAs\":[\"https:\/\/crp.rs\"],\"url\":\"https:\/\/crp.rs\/index.php\/author\/administrator\/\"}]}<\/script>\n<!-- \/ Yoast SEO plugin. -->","yoast_head_json":{"title":"Hrabri Glas - CRP","robots":{"index":"index","follow":"follow","max-snippet":"max-snippet:-1","max-image-preview":"max-image-preview:large","max-video-preview":"max-video-preview:-1"},"canonical":"https:\/\/crp.rs\/index.php\/2025\/08\/19\/hrabri-glas\/","og_locale":"sr_RS","og_type":"article","og_title":"Hrabri Glas - CRP","og_description":"Centar za razvoj Pomoravlja na konferenciji o izbornoj demokratiji: Priznanje &#8222;Hrabri glas&#8220; za posmatranje izbora u Svilajncu U godini kada oko 3,7 milijardi ljudi \u0161irom sveta izlazi na izbore, pitanje stanja izborne demokratije postaje klju\u010dno. Da li taj broj budi vi\u0161e nade ili straha? Upravo ovim pitanjem otvorena je konferencija posve\u0107ena izbornim procesima i savremenoj...","og_url":"https:\/\/crp.rs\/index.php\/2025\/08\/19\/hrabri-glas\/","og_site_name":"CRP","article_published_time":"2025-08-19T16:05:02+00:00","article_modified_time":"2025-12-04T19:27:52+00:00","og_image":[{"width":1024,"height":1024,"url":"https:\/\/crp.rs\/wp-content\/uploads\/2025\/08\/hrabri-glas-2024-1x1-1-1024x1024.png","type":"image\/png"}],"author":"CRP","twitter_card":"summary_large_image","twitter_misc":{"\u041d\u0430\u043f\u0438\u0441\u0430\u043d\u043e \u043e\u0434":"CRP","\u041f\u0440\u043e\u0446\u0435\u045a\u0435\u043d\u043e \u0432\u0440\u0435\u043c\u0435 \u0447\u0438\u0442\u0430\u045a\u0430":"2 \u043c\u0438\u043d\u0443\u0442\u0430"},"schema":{"@context":"https:\/\/schema.org","@graph":[{"@type":"Article","@id":"https:\/\/crp.rs\/index.php\/2025\/08\/19\/hrabri-glas\/#article","isPartOf":{"@id":"https:\/\/crp.rs\/index.php\/2025\/08\/19\/hrabri-glas\/"},"author":{"name":"CRP","@id":"https:\/\/crp.rs\/#\/schema\/person\/5a52185a159bf3f73025ca396929dabd"},"headline":"Hrabri Glas","datePublished":"2025-08-19T16:05:02+00:00","dateModified":"2025-12-04T19:27:52+00:00","mainEntityOfPage":{"@id":"https:\/\/crp.rs\/index.php\/2025\/08\/19\/hrabri-glas\/"},"wordCount":265,"commentCount":0,"publisher":{"@id":"https:\/\/crp.rs\/#organization"},"image":{"@id":"https:\/\/crp.rs\/index.php\/2025\/08\/19\/hrabri-glas\/#primaryimage"},"thumbnailUrl":"https:\/\/crp.rs\/wp-content\/uploads\/2025\/08\/hrabri-glas-2024-1x1-1.png","articleSection":["Aktuelnosti"],"inLanguage":"sr-RS","potentialAction":[{"@type":"CommentAction","name":"Comment","target":["https:\/\/crp.rs\/index.php\/2025\/08\/19\/hrabri-glas\/#respond"]}]},{"@type":"WebPage","@id":"https:\/\/crp.rs\/index.php\/2025\/08\/19\/hrabri-glas\/","url":"https:\/\/crp.rs\/index.php\/2025\/08\/19\/hrabri-glas\/","name":"Hrabri Glas - CRP","isPartOf":{"@id":"https:\/\/crp.rs\/#website"},"primaryImageOfPage":{"@id":"https:\/\/crp.rs\/index.php\/2025\/08\/19\/hrabri-glas\/#primaryimage"},"image":{"@id":"https:\/\/crp.rs\/index.php\/2025\/08\/19\/hrabri-glas\/#primaryimage"},"thumbnailUrl":"https:\/\/crp.rs\/wp-content\/uploads\/2025\/08\/hrabri-glas-2024-1x1-1.png","datePublished":"2025-08-19T16:05:02+00:00","dateModified":"2025-12-04T19:27:52+00:00","breadcrumb":{"@id":"https:\/\/crp.rs\/index.php\/2025\/08\/19\/hrabri-glas\/#breadcrumb"},"inLanguage":"sr-RS","potentialAction":[{"@type":"ReadAction","target":["https:\/\/crp.rs\/index.php\/2025\/08\/19\/hrabri-glas\/"]}]},{"@type":"ImageObject","inLanguage":"sr-RS","@id":"https:\/\/crp.rs\/index.php\/2025\/08\/19\/hrabri-glas\/#primaryimage","url":"https:\/\/crp.rs\/wp-content\/uploads\/2025\/08\/hrabri-glas-2024-1x1-1.png","contentUrl":"https:\/\/crp.rs\/wp-content\/uploads\/2025\/08\/hrabri-glas-2024-1x1-1.png","width":1080,"height":1080},{"@type":"BreadcrumbList","@id":"https:\/\/crp.rs\/index.php\/2025\/08\/19\/hrabri-glas\/#breadcrumb","itemListElement":[{"@type":"ListItem","position":1,"name":"\u041f\u043e\u0447\u0435\u0442\u043d\u0430","item":"https:\/\/crp.rs\/"},{"@type":"ListItem","position":2,"name":"Hrabri Glas"}]},{"@type":"WebSite","@id":"https:\/\/crp.rs\/#website","url":"https:\/\/crp.rs\/","name":"CRP","description":"Centar za Razvoj Pomoravlja","publisher":{"@id":"https:\/\/crp.rs\/#organization"},"potentialAction":[{"@type":"SearchAction","target":{"@type":"EntryPoint","urlTemplate":"https:\/\/crp.rs\/?s={search_term_string}"},"query-input":{"@type":"PropertyValueSpecification","valueRequired":true,"valueName":"search_term_string"}}],"inLanguage":"sr-RS"},{"@type":"Organization","@id":"https:\/\/crp.rs\/#organization","name":"CRP","url":"https:\/\/crp.rs\/","logo":{"@type":"ImageObject","inLanguage":"sr-RS","@id":"https:\/\/crp.rs\/#\/schema\/logo\/image\/","url":"https:\/\/crp.rs\/wp-content\/uploads\/2025\/09\/cropped-CRP-LOGO-SAJT.png","contentUrl":"https:\/\/crp.rs\/wp-content\/uploads\/2025\/09\/cropped-CRP-LOGO-SAJT.png","width":1667,"height":667,"caption":"CRP"},"image":{"@id":"https:\/\/crp.rs\/#\/schema\/logo\/image\/"}},{"@type":"Person","@id":"https:\/\/crp.rs\/#\/schema\/person\/5a52185a159bf3f73025ca396929dabd","name":"CRP","image":{"@type":"ImageObject","inLanguage":"sr-RS","@id":"https:\/\/crp.rs\/#\/schema\/person\/image\/","url":"https:\/\/secure.gravatar.com\/avatar\/6c02a68bf21861e372603142ee10912924107e02c383d805afe76c08cee6b33b?s=96&d=mm&r=g","contentUrl":"https:\/\/secure.gravatar.com\/avatar\/6c02a68bf21861e372603142ee10912924107e02c383d805afe76c08cee6b33b?s=96&d=mm&r=g","caption":"CRP"},"sameAs":["https:\/\/crp.rs"],"url":"https:\/\/crp.rs\/index.php\/author\/administrator\/"}]}},"_links":{"self":[{"href":"https:\/\/crp.rs\/index.php\/wp-json\/wp\/v2\/posts\/1716","targetHints":{"allow":["GET"]}}],"collection":[{"href":"https:\/\/crp.rs\/index.php\/wp-json\/wp\/v2\/posts"}],"about":[{"href":"https:\/\/crp.rs\/index.php\/wp-json\/wp\/v2\/types\/post"}],"author":[{"embeddable":true,"href":"https:\/\/crp.rs\/index.php\/wp-json\/wp\/v2\/users\/1"}],"replies":[{"embeddable":true,"href":"https:\/\/crp.rs\/index.php\/wp-json\/wp\/v2\/comments?post=1716"}],"version-history":[{"count":4,"href":"https:\/\/crp.rs\/index.php\/wp-json\/wp\/v2\/posts\/1716\/revisions"}],"predecessor-version":[{"id":1932,"href":"https:\/\/crp.rs\/index.php\/wp-json\/wp\/v2\/posts\/1716\/revisions\/1932"}],"wp:featuredmedia":[{"embeddable":true,"href":"https:\/\/crp.rs\/index.php\/wp-json\/wp\/v2\/media\/1919"}],"wp:attachment":[{"href":"https:\/\/crp.rs\/index.php\/wp-json\/wp\/v2\/media?parent=1716"}],"wp:term":[{"taxonomy":"category","embeddable":true,"href":"https:\/\/crp.rs\/index.php\/wp-json\/wp\/v2\/categories?post=1716"},{"taxonomy":"post_tag","embeddable":true,"href":"https:\/\/crp.rs\/index.php\/wp-json\/wp\/v2\/tags?post=1716"}],"curies":[{"name":"wp","href":"https:\/\/api.w.org\/{rel}","templated":true}]}}