{"id":2052,"date":"2025-09-20T22:27:36","date_gmt":"2025-09-20T22:27:36","guid":{"rendered":"https:\/\/crp.rs\/?p=2052"},"modified":"2025-12-04T19:26:17","modified_gmt":"2025-12-04T19:26:17","slug":"zasto-se-borimo-protiv-nezakonite-kaldrme-i-kakvo-je-trenutno-stanje","status":"publish","type":"post","link":"https:\/\/crp.rs\/index.php\/2025\/09\/20\/zasto-se-borimo-protiv-nezakonite-kaldrme-i-kakvo-je-trenutno-stanje\/","title":{"rendered":"Za\u0161to se borimo protiv nezakonite kaldrme i kakvo je trenutno stanje?"},"content":{"rendered":"\n<p><\/p>\n\n\n\n<p>U op\u0161tini \u0106uprija gra\u0111ani su umesto zakonom predvi\u0111ene rehabilitacije kolovoza \u2013 dobijanja novog asfalta \u2013 dobili kaldrmu. Umesto obnove ulica Kara\u0111or\u0111eve i Jovana Kursule, sprovedena je potpuna rekonstrukcija sa re\u0161enjima koja nisu u skladu ni sa zakonom, ni sa stvarnim potrebama gra\u0111ana.<\/p>\n\n\n\n<p><strong>\u0160ta je sporno?<\/strong><\/p>\n\n\n\n<ul class=\"wp-block-list\">\n<li><strong>Radovi izvedeni mimo zakona<\/strong> \u2013 rehabilitacija podrazumeva obavezno nano\u0161enje novog asfalta, dok postavljanje kaldrme nije dozvoljeno.<\/li>\n\n\n\n<li><strong>\u017dardinjere bez osnova<\/strong> \u2013 postavljene su \u017eardinjere du\u017eine 86 metara, bez urbanisti\u010dkog re\u0161enja i bez javne rasprave, koje ote\u017eavaju kretanje pe\u0161aka i dodatno komplikuju saobra\u0107aj.<\/li>\n\n\n\n<li><strong>Ogroman tro\u0161ak<\/strong> \u2013 vrednost radova iznosila je \u010dak <strong>40.490.797,99 miliona dinara<\/strong>, sprovedenih bez transparentnosti i protivno javnom interesu.<\/li>\n\n\n\n<li><strong>Ugro\u017eena bezbednost<\/strong> \u2013 nova re\u0161enja ote\u017eavaju kretanje, posebno osobama sa invaliditetom, i pove\u0107avaju rizik u \u0161kolskom rejonu gde je bezbednost dece prioritet.<\/li>\n<\/ul>\n\n\n\n<p><strong>Glas gra\u0111ana \u2013 na\u0161 motiv<\/strong><\/p>\n\n\n\n<p>Zajedno sa gra\u0111anima pokrenuli smo peticiju kojom se zahteva uklanjanje kaldrme i vra\u0107anje asfaltne podloge, kao i po\u0161tovanje zakona u svim budu\u0107im projektima. Peticiju je potpisalo vi\u0161e od <strong>1.200 gra\u0111ana<\/strong>, \u0161to jasno pokazuje da gra\u0111ani \u0106uprije nisu ravnodu\u0161ni prema na\u010dinu na koji se tro\u0161i njihov novac i ure\u0111uje javni prostor.<\/p>\n\n\n\n<p><strong>Sudski postupak \u2013 trenutna situacija<\/strong><\/p>\n\n\n\n<p>Centar za razvoj Pomoravlja je pokrenuo pravni postupak u vezi sa nezakonitom izgradnjom kaldrme u \u0106upriji. Do sada su odr\u017eana tri ro\u010di\u0161ta na kojima su okrivljeni i svedoci davali iskaze, dok tri zakazana ro\u010di\u0161ta imaju status \u201eneodr\u017eana\u201d. Predmet postupka obuhvata rehabilitaciju puta koja nije ura\u0111ena u skladu sa zakonom. Umesto zakonom propisanog asfaltnog sloja postavljena je granitna kocka i izgra\u0111ena je \u017eardinjera bez potrebne procedure.<\/p>\n\n\n\n<p>Na\u0161 zahtev je jasan:<\/p>\n\n\n\n<ul class=\"wp-block-list\">\n<li>uklanjanje kaldrme,<\/li>\n\n\n\n<li>postavljanje novog asfaltog sloja u skladu sa zakonom,<\/li>\n\n\n\n<li>formiranje ure\u0111enog, funkcionalnog i bezbednog ambijenta za sve gra\u0111ane.<\/li>\n<\/ul>\n\n\n\n<p><strong>Na\u0161 cilj<\/strong><\/p>\n\n\n\n<p>Nastavljamo da pratimo postupak i o svim narednim koracima \u0107emo obave\u0161tavati javnost.<br>Na\u0161a misija ostaje ista \u2013 da se sredstva gra\u0111ana tro\u0161e odgovorno, u skladu sa zakonom i u interesu zajednice.<\/p>\n\n\n\n<p>Ako i vi smatrate da su \u0106upriji potrebne institucije koje rade u interesu gra\u0111ana \u2013 <a href=\"https:\/\/crp.rs\/index.php\/pokretaci\/\"><strong>pridru\u017eite nam se<\/strong>.<\/a><\/p>\n\n\n\n<figure class=\"wp-block-image size-large\"><img loading=\"lazy\" decoding=\"async\" width=\"1024\" height=\"768\" src=\"https:\/\/crp.rs\/wp-content\/uploads\/2025\/09\/20231011_175007-1024x768.jpg\" alt=\"\" class=\"wp-image-2056\" srcset=\"https:\/\/crp.rs\/wp-content\/uploads\/2025\/09\/20231011_175007-1024x768.jpg 1024w, https:\/\/crp.rs\/wp-content\/uploads\/2025\/09\/20231011_175007-300x225.jpg 300w, https:\/\/crp.rs\/wp-content\/uploads\/2025\/09\/20231011_175007-768x576.jpg 768w, https:\/\/crp.rs\/wp-content\/uploads\/2025\/09\/20231011_175007-1536x1152.jpg 1536w, https:\/\/crp.rs\/wp-content\/uploads\/2025\/09\/20231011_175007-2048x1536.jpg 2048w\" sizes=\"auto, (max-width: 1024px) 100vw, 1024px\" \/><\/figure>\n\n\n\n<p><\/p>\n<div style=\"margin-top: 0px; margin-bottom: 0px;\" class=\"sharethis-inline-share-buttons\" ><\/div>","protected":false},"excerpt":{"rendered":"<p>U op\u0161tini \u0106uprija gra\u0111ani su umesto zakonom predvi\u0111ene rehabilitacije kolovoza \u2013 dobijanja novog asfalta \u2013 dobili kaldrmu. Umesto obnove ulica Kara\u0111or\u0111eve i Jovana Kursule, sprovedena je potpuna rekonstrukcija sa re\u0161enjima koja nisu u skladu ni sa zakonom, ni sa stvarnim potrebama gra\u0111ana. \u0160ta je sporno? Glas gra\u0111ana \u2013 na\u0161 motiv Zajedno sa gra\u0111anima pokrenuli smo&#8230;<\/p>\n","protected":false},"author":1,"featured_media":2053,"comment_status":"open","ping_status":"open","sticky":false,"template":"","format":"standard","meta":{"_acf_changed":false,"_themeisle_gutenberg_block_has_review":false,"_kadence_starter_templates_imported_post":false,"_kad_post_transparent":"","_kad_post_title":"","_kad_post_layout":"","_kad_post_sidebar_id":"","_kad_post_content_style":"","_kad_post_vertical_padding":"","_kad_post_feature":"","_kad_post_feature_position":"","_kad_post_header":false,"_kad_post_footer":false,"footnotes":""},"categories":[28],"tags":[],"class_list":["post-2052","post","type-post","status-publish","format-standard","has-post-thumbnail","hentry","category-aktuelnosti"],"acf":[],"yoast_head":"<!-- This site is optimized with the Yoast SEO plugin v25.8 - https:\/\/yoast.com\/wordpress\/plugins\/seo\/ -->\n<title>Za\u0161to se borimo protiv nezakonite kaldrme i kakvo je trenutno stanje? - CRP<\/title>\n<meta name=\"robots\" content=\"index, follow, max-snippet:-1, max-image-preview:large, max-video-preview:-1\" \/>\n<link rel=\"canonical\" href=\"https:\/\/crp.rs\/index.php\/2025\/09\/20\/zasto-se-borimo-protiv-nezakonite-kaldrme-i-kakvo-je-trenutno-stanje\/\" \/>\n<meta property=\"og:locale\" content=\"sr_RS\" \/>\n<meta property=\"og:type\" content=\"article\" \/>\n<meta property=\"og:title\" content=\"Za\u0161to se borimo protiv nezakonite kaldrme i kakvo je trenutno stanje? - CRP\" \/>\n<meta property=\"og:description\" content=\"U op\u0161tini \u0106uprija gra\u0111ani su umesto zakonom predvi\u0111ene rehabilitacije kolovoza \u2013 dobijanja novog asfalta \u2013 dobili kaldrmu. Umesto obnove ulica Kara\u0111or\u0111eve i Jovana Kursule, sprovedena je potpuna rekonstrukcija sa re\u0161enjima koja nisu u skladu ni sa zakonom, ni sa stvarnim potrebama gra\u0111ana. \u0160ta je sporno? Glas gra\u0111ana \u2013 na\u0161 motiv Zajedno sa gra\u0111anima pokrenuli smo...\" \/>\n<meta property=\"og:url\" content=\"https:\/\/crp.rs\/index.php\/2025\/09\/20\/zasto-se-borimo-protiv-nezakonite-kaldrme-i-kakvo-je-trenutno-stanje\/\" \/>\n<meta property=\"og:site_name\" content=\"CRP\" \/>\n<meta property=\"article:published_time\" content=\"2025-09-20T22:27:36+00:00\" \/>\n<meta property=\"article:modified_time\" content=\"2025-12-04T19:26:17+00:00\" \/>\n<meta property=\"og:image\" content=\"https:\/\/crp.rs\/wp-content\/uploads\/2025\/09\/IMG-8addb6f7a6c32a3768c7bb8d869426cf-V.jpg\" \/>\n\t<meta property=\"og:image:width\" content=\"1800\" \/>\n\t<meta property=\"og:image:height\" content=\"1800\" \/>\n\t<meta property=\"og:image:type\" content=\"image\/jpeg\" \/>\n<meta name=\"author\" content=\"CRP\" \/>\n<meta name=\"twitter:card\" content=\"summary_large_image\" \/>\n<meta name=\"twitter:label1\" content=\"\u041d\u0430\u043f\u0438\u0441\u0430\u043d\u043e \u043e\u0434\" \/>\n\t<meta name=\"twitter:data1\" content=\"CRP\" \/>\n\t<meta name=\"twitter:label2\" content=\"\u041f\u0440\u043e\u0446\u0435\u045a\u0435\u043d\u043e \u0432\u0440\u0435\u043c\u0435 \u0447\u0438\u0442\u0430\u045a\u0430\" \/>\n\t<meta name=\"twitter:data2\" content=\"3 \u043c\u0438\u043d\u0443\u0442\u0430\" \/>\n<script type=\"application\/ld+json\" class=\"yoast-schema-graph\">{\"@context\":\"https:\/\/schema.org\",\"@graph\":[{\"@type\":\"Article\",\"@id\":\"https:\/\/crp.rs\/index.php\/2025\/09\/20\/zasto-se-borimo-protiv-nezakonite-kaldrme-i-kakvo-je-trenutno-stanje\/#article\",\"isPartOf\":{\"@id\":\"https:\/\/crp.rs\/index.php\/2025\/09\/20\/zasto-se-borimo-protiv-nezakonite-kaldrme-i-kakvo-je-trenutno-stanje\/\"},\"author\":{\"name\":\"CRP\",\"@id\":\"https:\/\/crp.rs\/#\/schema\/person\/5a52185a159bf3f73025ca396929dabd\"},\"headline\":\"Za\u0161to se borimo protiv nezakonite kaldrme i kakvo je trenutno stanje?\",\"datePublished\":\"2025-09-20T22:27:36+00:00\",\"dateModified\":\"2025-12-04T19:26:17+00:00\",\"mainEntityOfPage\":{\"@id\":\"https:\/\/crp.rs\/index.php\/2025\/09\/20\/zasto-se-borimo-protiv-nezakonite-kaldrme-i-kakvo-je-trenutno-stanje\/\"},\"wordCount\":371,\"commentCount\":1,\"publisher\":{\"@id\":\"https:\/\/crp.rs\/#organization\"},\"image\":{\"@id\":\"https:\/\/crp.rs\/index.php\/2025\/09\/20\/zasto-se-borimo-protiv-nezakonite-kaldrme-i-kakvo-je-trenutno-stanje\/#primaryimage\"},\"thumbnailUrl\":\"https:\/\/crp.rs\/wp-content\/uploads\/2025\/09\/IMG-8addb6f7a6c32a3768c7bb8d869426cf-V.jpg\",\"articleSection\":[\"Aktuelnosti\"],\"inLanguage\":\"sr-RS\",\"potentialAction\":[{\"@type\":\"CommentAction\",\"name\":\"Comment\",\"target\":[\"https:\/\/crp.rs\/index.php\/2025\/09\/20\/zasto-se-borimo-protiv-nezakonite-kaldrme-i-kakvo-je-trenutno-stanje\/#respond\"]}]},{\"@type\":\"WebPage\",\"@id\":\"https:\/\/crp.rs\/index.php\/2025\/09\/20\/zasto-se-borimo-protiv-nezakonite-kaldrme-i-kakvo-je-trenutno-stanje\/\",\"url\":\"https:\/\/crp.rs\/index.php\/2025\/09\/20\/zasto-se-borimo-protiv-nezakonite-kaldrme-i-kakvo-je-trenutno-stanje\/\",\"name\":\"Za\u0161to se borimo protiv nezakonite kaldrme i kakvo je trenutno stanje? - CRP\",\"isPartOf\":{\"@id\":\"https:\/\/crp.rs\/#website\"},\"primaryImageOfPage\":{\"@id\":\"https:\/\/crp.rs\/index.php\/2025\/09\/20\/zasto-se-borimo-protiv-nezakonite-kaldrme-i-kakvo-je-trenutno-stanje\/#primaryimage\"},\"image\":{\"@id\":\"https:\/\/crp.rs\/index.php\/2025\/09\/20\/zasto-se-borimo-protiv-nezakonite-kaldrme-i-kakvo-je-trenutno-stanje\/#primaryimage\"},\"thumbnailUrl\":\"https:\/\/crp.rs\/wp-content\/uploads\/2025\/09\/IMG-8addb6f7a6c32a3768c7bb8d869426cf-V.jpg\",\"datePublished\":\"2025-09-20T22:27:36+00:00\",\"dateModified\":\"2025-12-04T19:26:17+00:00\",\"breadcrumb\":{\"@id\":\"https:\/\/crp.rs\/index.php\/2025\/09\/20\/zasto-se-borimo-protiv-nezakonite-kaldrme-i-kakvo-je-trenutno-stanje\/#breadcrumb\"},\"inLanguage\":\"sr-RS\",\"potentialAction\":[{\"@type\":\"ReadAction\",\"target\":[\"https:\/\/crp.rs\/index.php\/2025\/09\/20\/zasto-se-borimo-protiv-nezakonite-kaldrme-i-kakvo-je-trenutno-stanje\/\"]}]},{\"@type\":\"ImageObject\",\"inLanguage\":\"sr-RS\",\"@id\":\"https:\/\/crp.rs\/index.php\/2025\/09\/20\/zasto-se-borimo-protiv-nezakonite-kaldrme-i-kakvo-je-trenutno-stanje\/#primaryimage\",\"url\":\"https:\/\/crp.rs\/wp-content\/uploads\/2025\/09\/IMG-8addb6f7a6c32a3768c7bb8d869426cf-V.jpg\",\"contentUrl\":\"https:\/\/crp.rs\/wp-content\/uploads\/2025\/09\/IMG-8addb6f7a6c32a3768c7bb8d869426cf-V.jpg\",\"width\":1800,\"height\":1800},{\"@type\":\"BreadcrumbList\",\"@id\":\"https:\/\/crp.rs\/index.php\/2025\/09\/20\/zasto-se-borimo-protiv-nezakonite-kaldrme-i-kakvo-je-trenutno-stanje\/#breadcrumb\",\"itemListElement\":[{\"@type\":\"ListItem\",\"position\":1,\"name\":\"\u041f\u043e\u0447\u0435\u0442\u043d\u0430\",\"item\":\"https:\/\/crp.rs\/\"},{\"@type\":\"ListItem\",\"position\":2,\"name\":\"Za\u0161to se borimo protiv nezakonite kaldrme i kakvo je trenutno stanje?\"}]},{\"@type\":\"WebSite\",\"@id\":\"https:\/\/crp.rs\/#website\",\"url\":\"https:\/\/crp.rs\/\",\"name\":\"CRP\",\"description\":\"Centar za Razvoj Pomoravlja\",\"publisher\":{\"@id\":\"https:\/\/crp.rs\/#organization\"},\"potentialAction\":[{\"@type\":\"SearchAction\",\"target\":{\"@type\":\"EntryPoint\",\"urlTemplate\":\"https:\/\/crp.rs\/?s={search_term_string}\"},\"query-input\":{\"@type\":\"PropertyValueSpecification\",\"valueRequired\":true,\"valueName\":\"search_term_string\"}}],\"inLanguage\":\"sr-RS\"},{\"@type\":\"Organization\",\"@id\":\"https:\/\/crp.rs\/#organization\",\"name\":\"CRP\",\"url\":\"https:\/\/crp.rs\/\",\"logo\":{\"@type\":\"ImageObject\",\"inLanguage\":\"sr-RS\",\"@id\":\"https:\/\/crp.rs\/#\/schema\/logo\/image\/\",\"url\":\"https:\/\/crp.rs\/wp-content\/uploads\/2025\/09\/cropped-CRP-LOGO-SAJT.png\",\"contentUrl\":\"https:\/\/crp.rs\/wp-content\/uploads\/2025\/09\/cropped-CRP-LOGO-SAJT.png\",\"width\":1667,\"height\":667,\"caption\":\"CRP\"},\"image\":{\"@id\":\"https:\/\/crp.rs\/#\/schema\/logo\/image\/\"}},{\"@type\":\"Person\",\"@id\":\"https:\/\/crp.rs\/#\/schema\/person\/5a52185a159bf3f73025ca396929dabd\",\"name\":\"CRP\",\"image\":{\"@type\":\"ImageObject\",\"inLanguage\":\"sr-RS\",\"@id\":\"https:\/\/crp.rs\/#\/schema\/person\/image\/\",\"url\":\"https:\/\/secure.gravatar.com\/avatar\/6c02a68bf21861e372603142ee10912924107e02c383d805afe76c08cee6b33b?s=96&d=mm&r=g\",\"contentUrl\":\"https:\/\/secure.gravatar.com\/avatar\/6c02a68bf21861e372603142ee10912924107e02c383d805afe76c08cee6b33b?s=96&d=mm&r=g\",\"caption\":\"CRP\"},\"sameAs\":[\"https:\/\/crp.rs\"],\"url\":\"https:\/\/crp.rs\/index.php\/author\/administrator\/\"}]}<\/script>\n<!-- \/ Yoast SEO plugin. -->","yoast_head_json":{"title":"Za\u0161to se borimo protiv nezakonite kaldrme i kakvo je trenutno stanje? - CRP","robots":{"index":"index","follow":"follow","max-snippet":"max-snippet:-1","max-image-preview":"max-image-preview:large","max-video-preview":"max-video-preview:-1"},"canonical":"https:\/\/crp.rs\/index.php\/2025\/09\/20\/zasto-se-borimo-protiv-nezakonite-kaldrme-i-kakvo-je-trenutno-stanje\/","og_locale":"sr_RS","og_type":"article","og_title":"Za\u0161to se borimo protiv nezakonite kaldrme i kakvo je trenutno stanje? - CRP","og_description":"U op\u0161tini \u0106uprija gra\u0111ani su umesto zakonom predvi\u0111ene rehabilitacije kolovoza \u2013 dobijanja novog asfalta \u2013 dobili kaldrmu. Umesto obnove ulica Kara\u0111or\u0111eve i Jovana Kursule, sprovedena je potpuna rekonstrukcija sa re\u0161enjima koja nisu u skladu ni sa zakonom, ni sa stvarnim potrebama gra\u0111ana. \u0160ta je sporno? Glas gra\u0111ana \u2013 na\u0161 motiv Zajedno sa gra\u0111anima pokrenuli smo...","og_url":"https:\/\/crp.rs\/index.php\/2025\/09\/20\/zasto-se-borimo-protiv-nezakonite-kaldrme-i-kakvo-je-trenutno-stanje\/","og_site_name":"CRP","article_published_time":"2025-09-20T22:27:36+00:00","article_modified_time":"2025-12-04T19:26:17+00:00","og_image":[{"width":1800,"height":1800,"url":"https:\/\/crp.rs\/wp-content\/uploads\/2025\/09\/IMG-8addb6f7a6c32a3768c7bb8d869426cf-V.jpg","type":"image\/jpeg"}],"author":"CRP","twitter_card":"summary_large_image","twitter_misc":{"\u041d\u0430\u043f\u0438\u0441\u0430\u043d\u043e \u043e\u0434":"CRP","\u041f\u0440\u043e\u0446\u0435\u045a\u0435\u043d\u043e \u0432\u0440\u0435\u043c\u0435 \u0447\u0438\u0442\u0430\u045a\u0430":"3 \u043c\u0438\u043d\u0443\u0442\u0430"},"schema":{"@context":"https:\/\/schema.org","@graph":[{"@type":"Article","@id":"https:\/\/crp.rs\/index.php\/2025\/09\/20\/zasto-se-borimo-protiv-nezakonite-kaldrme-i-kakvo-je-trenutno-stanje\/#article","isPartOf":{"@id":"https:\/\/crp.rs\/index.php\/2025\/09\/20\/zasto-se-borimo-protiv-nezakonite-kaldrme-i-kakvo-je-trenutno-stanje\/"},"author":{"name":"CRP","@id":"https:\/\/crp.rs\/#\/schema\/person\/5a52185a159bf3f73025ca396929dabd"},"headline":"Za\u0161to se borimo protiv nezakonite kaldrme i kakvo je trenutno stanje?","datePublished":"2025-09-20T22:27:36+00:00","dateModified":"2025-12-04T19:26:17+00:00","mainEntityOfPage":{"@id":"https:\/\/crp.rs\/index.php\/2025\/09\/20\/zasto-se-borimo-protiv-nezakonite-kaldrme-i-kakvo-je-trenutno-stanje\/"},"wordCount":371,"commentCount":1,"publisher":{"@id":"https:\/\/crp.rs\/#organization"},"image":{"@id":"https:\/\/crp.rs\/index.php\/2025\/09\/20\/zasto-se-borimo-protiv-nezakonite-kaldrme-i-kakvo-je-trenutno-stanje\/#primaryimage"},"thumbnailUrl":"https:\/\/crp.rs\/wp-content\/uploads\/2025\/09\/IMG-8addb6f7a6c32a3768c7bb8d869426cf-V.jpg","articleSection":["Aktuelnosti"],"inLanguage":"sr-RS","potentialAction":[{"@type":"CommentAction","name":"Comment","target":["https:\/\/crp.rs\/index.php\/2025\/09\/20\/zasto-se-borimo-protiv-nezakonite-kaldrme-i-kakvo-je-trenutno-stanje\/#respond"]}]},{"@type":"WebPage","@id":"https:\/\/crp.rs\/index.php\/2025\/09\/20\/zasto-se-borimo-protiv-nezakonite-kaldrme-i-kakvo-je-trenutno-stanje\/","url":"https:\/\/crp.rs\/index.php\/2025\/09\/20\/zasto-se-borimo-protiv-nezakonite-kaldrme-i-kakvo-je-trenutno-stanje\/","name":"Za\u0161to se borimo protiv nezakonite kaldrme i kakvo je trenutno stanje? - CRP","isPartOf":{"@id":"https:\/\/crp.rs\/#website"},"primaryImageOfPage":{"@id":"https:\/\/crp.rs\/index.php\/2025\/09\/20\/zasto-se-borimo-protiv-nezakonite-kaldrme-i-kakvo-je-trenutno-stanje\/#primaryimage"},"image":{"@id":"https:\/\/crp.rs\/index.php\/2025\/09\/20\/zasto-se-borimo-protiv-nezakonite-kaldrme-i-kakvo-je-trenutno-stanje\/#primaryimage"},"thumbnailUrl":"https:\/\/crp.rs\/wp-content\/uploads\/2025\/09\/IMG-8addb6f7a6c32a3768c7bb8d869426cf-V.jpg","datePublished":"2025-09-20T22:27:36+00:00","dateModified":"2025-12-04T19:26:17+00:00","breadcrumb":{"@id":"https:\/\/crp.rs\/index.php\/2025\/09\/20\/zasto-se-borimo-protiv-nezakonite-kaldrme-i-kakvo-je-trenutno-stanje\/#breadcrumb"},"inLanguage":"sr-RS","potentialAction":[{"@type":"ReadAction","target":["https:\/\/crp.rs\/index.php\/2025\/09\/20\/zasto-se-borimo-protiv-nezakonite-kaldrme-i-kakvo-je-trenutno-stanje\/"]}]},{"@type":"ImageObject","inLanguage":"sr-RS","@id":"https:\/\/crp.rs\/index.php\/2025\/09\/20\/zasto-se-borimo-protiv-nezakonite-kaldrme-i-kakvo-je-trenutno-stanje\/#primaryimage","url":"https:\/\/crp.rs\/wp-content\/uploads\/2025\/09\/IMG-8addb6f7a6c32a3768c7bb8d869426cf-V.jpg","contentUrl":"https:\/\/crp.rs\/wp-content\/uploads\/2025\/09\/IMG-8addb6f7a6c32a3768c7bb8d869426cf-V.jpg","width":1800,"height":1800},{"@type":"BreadcrumbList","@id":"https:\/\/crp.rs\/index.php\/2025\/09\/20\/zasto-se-borimo-protiv-nezakonite-kaldrme-i-kakvo-je-trenutno-stanje\/#breadcrumb","itemListElement":[{"@type":"ListItem","position":1,"name":"\u041f\u043e\u0447\u0435\u0442\u043d\u0430","item":"https:\/\/crp.rs\/"},{"@type":"ListItem","position":2,"name":"Za\u0161to se borimo protiv nezakonite kaldrme i kakvo je trenutno stanje?"}]},{"@type":"WebSite","@id":"https:\/\/crp.rs\/#website","url":"https:\/\/crp.rs\/","name":"CRP","description":"Centar za Razvoj Pomoravlja","publisher":{"@id":"https:\/\/crp.rs\/#organization"},"potentialAction":[{"@type":"SearchAction","target":{"@type":"EntryPoint","urlTemplate":"https:\/\/crp.rs\/?s={search_term_string}"},"query-input":{"@type":"PropertyValueSpecification","valueRequired":true,"valueName":"search_term_string"}}],"inLanguage":"sr-RS"},{"@type":"Organization","@id":"https:\/\/crp.rs\/#organization","name":"CRP","url":"https:\/\/crp.rs\/","logo":{"@type":"ImageObject","inLanguage":"sr-RS","@id":"https:\/\/crp.rs\/#\/schema\/logo\/image\/","url":"https:\/\/crp.rs\/wp-content\/uploads\/2025\/09\/cropped-CRP-LOGO-SAJT.png","contentUrl":"https:\/\/crp.rs\/wp-content\/uploads\/2025\/09\/cropped-CRP-LOGO-SAJT.png","width":1667,"height":667,"caption":"CRP"},"image":{"@id":"https:\/\/crp.rs\/#\/schema\/logo\/image\/"}},{"@type":"Person","@id":"https:\/\/crp.rs\/#\/schema\/person\/5a52185a159bf3f73025ca396929dabd","name":"CRP","image":{"@type":"ImageObject","inLanguage":"sr-RS","@id":"https:\/\/crp.rs\/#\/schema\/person\/image\/","url":"https:\/\/secure.gravatar.com\/avatar\/6c02a68bf21861e372603142ee10912924107e02c383d805afe76c08cee6b33b?s=96&d=mm&r=g","contentUrl":"https:\/\/secure.gravatar.com\/avatar\/6c02a68bf21861e372603142ee10912924107e02c383d805afe76c08cee6b33b?s=96&d=mm&r=g","caption":"CRP"},"sameAs":["https:\/\/crp.rs"],"url":"https:\/\/crp.rs\/index.php\/author\/administrator\/"}]}},"_links":{"self":[{"href":"https:\/\/crp.rs\/index.php\/wp-json\/wp\/v2\/posts\/2052","targetHints":{"allow":["GET"]}}],"collection":[{"href":"https:\/\/crp.rs\/index.php\/wp-json\/wp\/v2\/posts"}],"about":[{"href":"https:\/\/crp.rs\/index.php\/wp-json\/wp\/v2\/types\/post"}],"author":[{"embeddable":true,"href":"https:\/\/crp.rs\/index.php\/wp-json\/wp\/v2\/users\/1"}],"replies":[{"embeddable":true,"href":"https:\/\/crp.rs\/index.php\/wp-json\/wp\/v2\/comments?post=2052"}],"version-history":[{"count":3,"href":"https:\/\/crp.rs\/index.php\/wp-json\/wp\/v2\/posts\/2052\/revisions"}],"predecessor-version":[{"id":2061,"href":"https:\/\/crp.rs\/index.php\/wp-json\/wp\/v2\/posts\/2052\/revisions\/2061"}],"wp:featuredmedia":[{"embeddable":true,"href":"https:\/\/crp.rs\/index.php\/wp-json\/wp\/v2\/media\/2053"}],"wp:attachment":[{"href":"https:\/\/crp.rs\/index.php\/wp-json\/wp\/v2\/media?parent=2052"}],"wp:term":[{"taxonomy":"category","embeddable":true,"href":"https:\/\/crp.rs\/index.php\/wp-json\/wp\/v2\/categories?post=2052"},{"taxonomy":"post_tag","embeddable":true,"href":"https:\/\/crp.rs\/index.php\/wp-json\/wp\/v2\/tags?post=2052"}],"curies":[{"name":"wp","href":"https:\/\/api.w.org\/{rel}","templated":true}]}}