{"id":2130,"date":"2026-03-01T13:20:05","date_gmt":"2026-03-01T13:20:05","guid":{"rendered":"https:\/\/crp.rs\/?p=2130"},"modified":"2026-03-01T20:58:35","modified_gmt":"2026-03-01T20:58:35","slug":"ministarstvo-odbrane-nije-bilo-zalbe-zbog-zatvaranja-ulice-cara-lazara","status":"publish","type":"post","link":"https:\/\/crp.rs\/index.php\/2026\/03\/01\/ministarstvo-odbrane-nije-bilo-zalbe-zbog-zatvaranja-ulice-cara-lazara\/","title":{"rendered":"Ministarstvo odbrane: nije bilo \u017ealbe zbog zatvaranja Ulice Cara Lazara u \u0106upriji"},"content":{"rendered":"\n<p>Povodom brojnih spekulacija u javnosti da je zatvaranje Ulice Cara Lazara u \u0106upriji i njeno preure\u0111enje u pe\u0161a\u010dku zonu izazvalo reakciju Vojske Srbije ili Ministarstva odbrane, Centar za razvoj Pomoravlja uputio je zahtev sa pitanjima Ministarstvu odbrane.<\/p>\n\n\n\n<p>U zahtevu smo jasno pitali da li je Ministarstvo odbrane uputilo bilo kakvu \u017ealbu ili prijavu nekom dr\u017eavnom organu zbog zatvaranja navedene ulice.<\/p>\n\n\n\n<p>U dobijenom odgovoru Ministarstvo odbrane je nedvosmisleno navelo da <strong>nije bilo potrebe<\/strong> da se obra\u0107a bilo kom dr\u017eavnom organu u vezi sa zatvaranjem Ulice Cara Lazara. Kao razlog se navodi \u010dinjenica da je <strong>Op\u0161tina \u0106uprija bila nadle\u017ena<\/strong> za dono\u0161enje odluke o zatvaranju ulice i njenom preure\u0111enju u pe\u0161a\u010dku zonu, te da Ministarstvo odbrane <strong>nije imalo nadle\u017enost<\/strong> u ovom postupku.<\/p>\n\n\n\n<p>Drugim re\u010dima, Ministarstvo odbrane:<\/p>\n\n\n\n<ul class=\"wp-block-list\">\n<li>nije podnosilo \u017ealbe,<\/li>\n\n\n\n<li>nije podnosilo prijave.<\/li>\n<\/ul>\n\n\n\n<p>Ovim odgovorom se jasno potvr\u0111uje da su tvrdnje o \u201eproblemu sa vojskom\u201c ili navodnim reakcijama Ministarstva odbrane &#8211; <strong>neutemeljene<\/strong>. Nadle\u017enost za zatvaranje ulice bila je<strong> isklju\u010divo na lokalnoj samoupravi<\/strong>, a Ministarstvo odbrane u ovom procesu nije imalo ni pravnu ni institucionalnu ulogu.<\/p>\n\n\n\n<p>Centar za razvoj Pomoravlja \u0107e i dalje insistirati na \u010dinjenicama, zakonitosti i transparentnosti, jer su upravo one najbolji odgovor na dezinformacije u javnom prostoru.<\/p>\n\n\n\n<figure class=\"wp-block-image size-large\"><img loading=\"lazy\" decoding=\"async\" width=\"1024\" height=\"768\" src=\"https:\/\/crp.rs\/wp-content\/uploads\/2026\/03\/IMG_2474-1024x768.jpeg\" alt=\"\" class=\"wp-image-2135\" srcset=\"https:\/\/crp.rs\/wp-content\/uploads\/2026\/03\/IMG_2474-1024x768.jpeg 1024w, https:\/\/crp.rs\/wp-content\/uploads\/2026\/03\/IMG_2474-300x225.jpeg 300w, https:\/\/crp.rs\/wp-content\/uploads\/2026\/03\/IMG_2474-768x576.jpeg 768w, https:\/\/crp.rs\/wp-content\/uploads\/2026\/03\/IMG_2474-1536x1152.jpeg 1536w, https:\/\/crp.rs\/wp-content\/uploads\/2026\/03\/IMG_2474-2048x1536.jpeg 2048w\" sizes=\"auto, (max-width: 1024px) 100vw, 1024px\" \/><\/figure>\n<div style=\"margin-top: 0px; margin-bottom: 0px;\" class=\"sharethis-inline-share-buttons\" ><\/div>","protected":false},"excerpt":{"rendered":"<p>Povodom brojnih spekulacija u javnosti da je zatvaranje Ulice Cara Lazara u \u0106upriji i njeno preure\u0111enje u pe\u0161a\u010dku zonu izazvalo reakciju Vojske Srbije ili Ministarstva odbrane, Centar za razvoj Pomoravlja uputio je zahtev sa pitanjima Ministarstvu odbrane. U zahtevu smo jasno pitali da li je Ministarstvo odbrane uputilo bilo kakvu \u017ealbu ili prijavu nekom dr\u017eavnom&#8230;<\/p>\n","protected":false},"author":1,"featured_media":2141,"comment_status":"open","ping_status":"open","sticky":false,"template":"","format":"standard","meta":{"_acf_changed":false,"_themeisle_gutenberg_block_has_review":false,"_kadence_starter_templates_imported_post":false,"_kad_post_transparent":"","_kad_post_title":"","_kad_post_layout":"","_kad_post_sidebar_id":"","_kad_post_content_style":"","_kad_post_vertical_padding":"","_kad_post_feature":"","_kad_post_feature_position":"","_kad_post_header":false,"_kad_post_footer":false,"footnotes":""},"categories":[28],"tags":[],"class_list":["post-2130","post","type-post","status-publish","format-standard","has-post-thumbnail","hentry","category-aktuelnosti"],"acf":[],"yoast_head":"<!-- This site is optimized with the Yoast SEO plugin v25.8 - https:\/\/yoast.com\/wordpress\/plugins\/seo\/ -->\n<title>Ministarstvo odbrane: nije bilo \u017ealbe zbog zatvaranja Ulice Cara Lazara u \u0106upriji - CRP<\/title>\n<meta name=\"robots\" content=\"index, follow, max-snippet:-1, max-image-preview:large, max-video-preview:-1\" \/>\n<link rel=\"canonical\" href=\"https:\/\/crp.rs\/index.php\/2026\/03\/01\/ministarstvo-odbrane-nije-bilo-zalbe-zbog-zatvaranja-ulice-cara-lazara\/\" \/>\n<meta property=\"og:locale\" content=\"sr_RS\" \/>\n<meta property=\"og:type\" content=\"article\" \/>\n<meta property=\"og:title\" content=\"Ministarstvo odbrane: nije bilo \u017ealbe zbog zatvaranja Ulice Cara Lazara u \u0106upriji - CRP\" \/>\n<meta property=\"og:description\" content=\"Povodom brojnih spekulacija u javnosti da je zatvaranje Ulice Cara Lazara u \u0106upriji i njeno preure\u0111enje u pe\u0161a\u010dku zonu izazvalo reakciju Vojske Srbije ili Ministarstva odbrane, Centar za razvoj Pomoravlja uputio je zahtev sa pitanjima Ministarstvu odbrane. U zahtevu smo jasno pitali da li je Ministarstvo odbrane uputilo bilo kakvu \u017ealbu ili prijavu nekom dr\u017eavnom...\" \/>\n<meta property=\"og:url\" content=\"https:\/\/crp.rs\/index.php\/2026\/03\/01\/ministarstvo-odbrane-nije-bilo-zalbe-zbog-zatvaranja-ulice-cara-lazara\/\" \/>\n<meta property=\"og:site_name\" content=\"CRP\" \/>\n<meta property=\"article:published_time\" content=\"2026-03-01T13:20:05+00:00\" \/>\n<meta property=\"article:modified_time\" content=\"2026-03-01T20:58:35+00:00\" \/>\n<meta property=\"og:image\" content=\"https:\/\/crp.rs\/wp-content\/uploads\/2026\/03\/Cara-Lazara-1.jpg\" \/>\n\t<meta property=\"og:image:width\" content=\"1080\" \/>\n\t<meta property=\"og:image:height\" content=\"1080\" \/>\n\t<meta property=\"og:image:type\" content=\"image\/jpeg\" \/>\n<meta name=\"author\" content=\"CRP\" \/>\n<meta name=\"twitter:card\" content=\"summary_large_image\" \/>\n<meta name=\"twitter:label1\" content=\"\u041d\u0430\u043f\u0438\u0441\u0430\u043d\u043e \u043e\u0434\" \/>\n\t<meta name=\"twitter:data1\" content=\"CRP\" \/>\n\t<meta name=\"twitter:label2\" content=\"\u041f\u0440\u043e\u0446\u0435\u045a\u0435\u043d\u043e \u0432\u0440\u0435\u043c\u0435 \u0447\u0438\u0442\u0430\u045a\u0430\" \/>\n\t<meta name=\"twitter:data2\" content=\"2 \u043c\u0438\u043d\u0443\u0442\u0430\" \/>\n<script type=\"application\/ld+json\" class=\"yoast-schema-graph\">{\"@context\":\"https:\/\/schema.org\",\"@graph\":[{\"@type\":\"Article\",\"@id\":\"https:\/\/crp.rs\/index.php\/2026\/03\/01\/ministarstvo-odbrane-nije-bilo-zalbe-zbog-zatvaranja-ulice-cara-lazara\/#article\",\"isPartOf\":{\"@id\":\"https:\/\/crp.rs\/index.php\/2026\/03\/01\/ministarstvo-odbrane-nije-bilo-zalbe-zbog-zatvaranja-ulice-cara-lazara\/\"},\"author\":{\"name\":\"CRP\",\"@id\":\"https:\/\/crp.rs\/#\/schema\/person\/5a52185a159bf3f73025ca396929dabd\"},\"headline\":\"Ministarstvo odbrane: nije bilo \u017ealbe zbog zatvaranja Ulice Cara Lazara u \u0106upriji\",\"datePublished\":\"2026-03-01T13:20:05+00:00\",\"dateModified\":\"2026-03-01T20:58:35+00:00\",\"mainEntityOfPage\":{\"@id\":\"https:\/\/crp.rs\/index.php\/2026\/03\/01\/ministarstvo-odbrane-nije-bilo-zalbe-zbog-zatvaranja-ulice-cara-lazara\/\"},\"wordCount\":224,\"commentCount\":0,\"publisher\":{\"@id\":\"https:\/\/crp.rs\/#organization\"},\"image\":{\"@id\":\"https:\/\/crp.rs\/index.php\/2026\/03\/01\/ministarstvo-odbrane-nije-bilo-zalbe-zbog-zatvaranja-ulice-cara-lazara\/#primaryimage\"},\"thumbnailUrl\":\"https:\/\/crp.rs\/wp-content\/uploads\/2026\/03\/Cara-Lazara-1.jpg\",\"articleSection\":[\"Aktuelnosti\"],\"inLanguage\":\"sr-RS\",\"potentialAction\":[{\"@type\":\"CommentAction\",\"name\":\"Comment\",\"target\":[\"https:\/\/crp.rs\/index.php\/2026\/03\/01\/ministarstvo-odbrane-nije-bilo-zalbe-zbog-zatvaranja-ulice-cara-lazara\/#respond\"]}]},{\"@type\":\"WebPage\",\"@id\":\"https:\/\/crp.rs\/index.php\/2026\/03\/01\/ministarstvo-odbrane-nije-bilo-zalbe-zbog-zatvaranja-ulice-cara-lazara\/\",\"url\":\"https:\/\/crp.rs\/index.php\/2026\/03\/01\/ministarstvo-odbrane-nije-bilo-zalbe-zbog-zatvaranja-ulice-cara-lazara\/\",\"name\":\"Ministarstvo odbrane: nije bilo \u017ealbe zbog zatvaranja Ulice Cara Lazara u \u0106upriji - CRP\",\"isPartOf\":{\"@id\":\"https:\/\/crp.rs\/#website\"},\"primaryImageOfPage\":{\"@id\":\"https:\/\/crp.rs\/index.php\/2026\/03\/01\/ministarstvo-odbrane-nije-bilo-zalbe-zbog-zatvaranja-ulice-cara-lazara\/#primaryimage\"},\"image\":{\"@id\":\"https:\/\/crp.rs\/index.php\/2026\/03\/01\/ministarstvo-odbrane-nije-bilo-zalbe-zbog-zatvaranja-ulice-cara-lazara\/#primaryimage\"},\"thumbnailUrl\":\"https:\/\/crp.rs\/wp-content\/uploads\/2026\/03\/Cara-Lazara-1.jpg\",\"datePublished\":\"2026-03-01T13:20:05+00:00\",\"dateModified\":\"2026-03-01T20:58:35+00:00\",\"breadcrumb\":{\"@id\":\"https:\/\/crp.rs\/index.php\/2026\/03\/01\/ministarstvo-odbrane-nije-bilo-zalbe-zbog-zatvaranja-ulice-cara-lazara\/#breadcrumb\"},\"inLanguage\":\"sr-RS\",\"potentialAction\":[{\"@type\":\"ReadAction\",\"target\":[\"https:\/\/crp.rs\/index.php\/2026\/03\/01\/ministarstvo-odbrane-nije-bilo-zalbe-zbog-zatvaranja-ulice-cara-lazara\/\"]}]},{\"@type\":\"ImageObject\",\"inLanguage\":\"sr-RS\",\"@id\":\"https:\/\/crp.rs\/index.php\/2026\/03\/01\/ministarstvo-odbrane-nije-bilo-zalbe-zbog-zatvaranja-ulice-cara-lazara\/#primaryimage\",\"url\":\"https:\/\/crp.rs\/wp-content\/uploads\/2026\/03\/Cara-Lazara-1.jpg\",\"contentUrl\":\"https:\/\/crp.rs\/wp-content\/uploads\/2026\/03\/Cara-Lazara-1.jpg\",\"width\":1080,\"height\":1080},{\"@type\":\"BreadcrumbList\",\"@id\":\"https:\/\/crp.rs\/index.php\/2026\/03\/01\/ministarstvo-odbrane-nije-bilo-zalbe-zbog-zatvaranja-ulice-cara-lazara\/#breadcrumb\",\"itemListElement\":[{\"@type\":\"ListItem\",\"position\":1,\"name\":\"\u041f\u043e\u0447\u0435\u0442\u043d\u0430\",\"item\":\"https:\/\/crp.rs\/\"},{\"@type\":\"ListItem\",\"position\":2,\"name\":\"Ministarstvo odbrane: nije bilo \u017ealbe zbog zatvaranja Ulice Cara Lazara u \u0106upriji\"}]},{\"@type\":\"WebSite\",\"@id\":\"https:\/\/crp.rs\/#website\",\"url\":\"https:\/\/crp.rs\/\",\"name\":\"CRP\",\"description\":\"Centar za Razvoj Pomoravlja\",\"publisher\":{\"@id\":\"https:\/\/crp.rs\/#organization\"},\"potentialAction\":[{\"@type\":\"SearchAction\",\"target\":{\"@type\":\"EntryPoint\",\"urlTemplate\":\"https:\/\/crp.rs\/?s={search_term_string}\"},\"query-input\":{\"@type\":\"PropertyValueSpecification\",\"valueRequired\":true,\"valueName\":\"search_term_string\"}}],\"inLanguage\":\"sr-RS\"},{\"@type\":\"Organization\",\"@id\":\"https:\/\/crp.rs\/#organization\",\"name\":\"CRP\",\"url\":\"https:\/\/crp.rs\/\",\"logo\":{\"@type\":\"ImageObject\",\"inLanguage\":\"sr-RS\",\"@id\":\"https:\/\/crp.rs\/#\/schema\/logo\/image\/\",\"url\":\"https:\/\/crp.rs\/wp-content\/uploads\/2025\/09\/cropped-CRP-LOGO-SAJT.png\",\"contentUrl\":\"https:\/\/crp.rs\/wp-content\/uploads\/2025\/09\/cropped-CRP-LOGO-SAJT.png\",\"width\":1667,\"height\":667,\"caption\":\"CRP\"},\"image\":{\"@id\":\"https:\/\/crp.rs\/#\/schema\/logo\/image\/\"}},{\"@type\":\"Person\",\"@id\":\"https:\/\/crp.rs\/#\/schema\/person\/5a52185a159bf3f73025ca396929dabd\",\"name\":\"CRP\",\"image\":{\"@type\":\"ImageObject\",\"inLanguage\":\"sr-RS\",\"@id\":\"https:\/\/crp.rs\/#\/schema\/person\/image\/\",\"url\":\"https:\/\/secure.gravatar.com\/avatar\/6c02a68bf21861e372603142ee10912924107e02c383d805afe76c08cee6b33b?s=96&d=mm&r=g\",\"contentUrl\":\"https:\/\/secure.gravatar.com\/avatar\/6c02a68bf21861e372603142ee10912924107e02c383d805afe76c08cee6b33b?s=96&d=mm&r=g\",\"caption\":\"CRP\"},\"sameAs\":[\"https:\/\/crp.rs\"],\"url\":\"https:\/\/crp.rs\/index.php\/author\/administrator\/\"}]}<\/script>\n<!-- \/ Yoast SEO plugin. -->","yoast_head_json":{"title":"Ministarstvo odbrane: nije bilo \u017ealbe zbog zatvaranja Ulice Cara Lazara u \u0106upriji - CRP","robots":{"index":"index","follow":"follow","max-snippet":"max-snippet:-1","max-image-preview":"max-image-preview:large","max-video-preview":"max-video-preview:-1"},"canonical":"https:\/\/crp.rs\/index.php\/2026\/03\/01\/ministarstvo-odbrane-nije-bilo-zalbe-zbog-zatvaranja-ulice-cara-lazara\/","og_locale":"sr_RS","og_type":"article","og_title":"Ministarstvo odbrane: nije bilo \u017ealbe zbog zatvaranja Ulice Cara Lazara u \u0106upriji - CRP","og_description":"Povodom brojnih spekulacija u javnosti da je zatvaranje Ulice Cara Lazara u \u0106upriji i njeno preure\u0111enje u pe\u0161a\u010dku zonu izazvalo reakciju Vojske Srbije ili Ministarstva odbrane, Centar za razvoj Pomoravlja uputio je zahtev sa pitanjima Ministarstvu odbrane. U zahtevu smo jasno pitali da li je Ministarstvo odbrane uputilo bilo kakvu \u017ealbu ili prijavu nekom dr\u017eavnom...","og_url":"https:\/\/crp.rs\/index.php\/2026\/03\/01\/ministarstvo-odbrane-nije-bilo-zalbe-zbog-zatvaranja-ulice-cara-lazara\/","og_site_name":"CRP","article_published_time":"2026-03-01T13:20:05+00:00","article_modified_time":"2026-03-01T20:58:35+00:00","og_image":[{"width":1080,"height":1080,"url":"https:\/\/crp.rs\/wp-content\/uploads\/2026\/03\/Cara-Lazara-1.jpg","type":"image\/jpeg"}],"author":"CRP","twitter_card":"summary_large_image","twitter_misc":{"\u041d\u0430\u043f\u0438\u0441\u0430\u043d\u043e \u043e\u0434":"CRP","\u041f\u0440\u043e\u0446\u0435\u045a\u0435\u043d\u043e \u0432\u0440\u0435\u043c\u0435 \u0447\u0438\u0442\u0430\u045a\u0430":"2 \u043c\u0438\u043d\u0443\u0442\u0430"},"schema":{"@context":"https:\/\/schema.org","@graph":[{"@type":"Article","@id":"https:\/\/crp.rs\/index.php\/2026\/03\/01\/ministarstvo-odbrane-nije-bilo-zalbe-zbog-zatvaranja-ulice-cara-lazara\/#article","isPartOf":{"@id":"https:\/\/crp.rs\/index.php\/2026\/03\/01\/ministarstvo-odbrane-nije-bilo-zalbe-zbog-zatvaranja-ulice-cara-lazara\/"},"author":{"name":"CRP","@id":"https:\/\/crp.rs\/#\/schema\/person\/5a52185a159bf3f73025ca396929dabd"},"headline":"Ministarstvo odbrane: nije bilo \u017ealbe zbog zatvaranja Ulice Cara Lazara u \u0106upriji","datePublished":"2026-03-01T13:20:05+00:00","dateModified":"2026-03-01T20:58:35+00:00","mainEntityOfPage":{"@id":"https:\/\/crp.rs\/index.php\/2026\/03\/01\/ministarstvo-odbrane-nije-bilo-zalbe-zbog-zatvaranja-ulice-cara-lazara\/"},"wordCount":224,"commentCount":0,"publisher":{"@id":"https:\/\/crp.rs\/#organization"},"image":{"@id":"https:\/\/crp.rs\/index.php\/2026\/03\/01\/ministarstvo-odbrane-nije-bilo-zalbe-zbog-zatvaranja-ulice-cara-lazara\/#primaryimage"},"thumbnailUrl":"https:\/\/crp.rs\/wp-content\/uploads\/2026\/03\/Cara-Lazara-1.jpg","articleSection":["Aktuelnosti"],"inLanguage":"sr-RS","potentialAction":[{"@type":"CommentAction","name":"Comment","target":["https:\/\/crp.rs\/index.php\/2026\/03\/01\/ministarstvo-odbrane-nije-bilo-zalbe-zbog-zatvaranja-ulice-cara-lazara\/#respond"]}]},{"@type":"WebPage","@id":"https:\/\/crp.rs\/index.php\/2026\/03\/01\/ministarstvo-odbrane-nije-bilo-zalbe-zbog-zatvaranja-ulice-cara-lazara\/","url":"https:\/\/crp.rs\/index.php\/2026\/03\/01\/ministarstvo-odbrane-nije-bilo-zalbe-zbog-zatvaranja-ulice-cara-lazara\/","name":"Ministarstvo odbrane: nije bilo \u017ealbe zbog zatvaranja Ulice Cara Lazara u \u0106upriji - CRP","isPartOf":{"@id":"https:\/\/crp.rs\/#website"},"primaryImageOfPage":{"@id":"https:\/\/crp.rs\/index.php\/2026\/03\/01\/ministarstvo-odbrane-nije-bilo-zalbe-zbog-zatvaranja-ulice-cara-lazara\/#primaryimage"},"image":{"@id":"https:\/\/crp.rs\/index.php\/2026\/03\/01\/ministarstvo-odbrane-nije-bilo-zalbe-zbog-zatvaranja-ulice-cara-lazara\/#primaryimage"},"thumbnailUrl":"https:\/\/crp.rs\/wp-content\/uploads\/2026\/03\/Cara-Lazara-1.jpg","datePublished":"2026-03-01T13:20:05+00:00","dateModified":"2026-03-01T20:58:35+00:00","breadcrumb":{"@id":"https:\/\/crp.rs\/index.php\/2026\/03\/01\/ministarstvo-odbrane-nije-bilo-zalbe-zbog-zatvaranja-ulice-cara-lazara\/#breadcrumb"},"inLanguage":"sr-RS","potentialAction":[{"@type":"ReadAction","target":["https:\/\/crp.rs\/index.php\/2026\/03\/01\/ministarstvo-odbrane-nije-bilo-zalbe-zbog-zatvaranja-ulice-cara-lazara\/"]}]},{"@type":"ImageObject","inLanguage":"sr-RS","@id":"https:\/\/crp.rs\/index.php\/2026\/03\/01\/ministarstvo-odbrane-nije-bilo-zalbe-zbog-zatvaranja-ulice-cara-lazara\/#primaryimage","url":"https:\/\/crp.rs\/wp-content\/uploads\/2026\/03\/Cara-Lazara-1.jpg","contentUrl":"https:\/\/crp.rs\/wp-content\/uploads\/2026\/03\/Cara-Lazara-1.jpg","width":1080,"height":1080},{"@type":"BreadcrumbList","@id":"https:\/\/crp.rs\/index.php\/2026\/03\/01\/ministarstvo-odbrane-nije-bilo-zalbe-zbog-zatvaranja-ulice-cara-lazara\/#breadcrumb","itemListElement":[{"@type":"ListItem","position":1,"name":"\u041f\u043e\u0447\u0435\u0442\u043d\u0430","item":"https:\/\/crp.rs\/"},{"@type":"ListItem","position":2,"name":"Ministarstvo odbrane: nije bilo \u017ealbe zbog zatvaranja Ulice Cara Lazara u \u0106upriji"}]},{"@type":"WebSite","@id":"https:\/\/crp.rs\/#website","url":"https:\/\/crp.rs\/","name":"CRP","description":"Centar za Razvoj Pomoravlja","publisher":{"@id":"https:\/\/crp.rs\/#organization"},"potentialAction":[{"@type":"SearchAction","target":{"@type":"EntryPoint","urlTemplate":"https:\/\/crp.rs\/?s={search_term_string}"},"query-input":{"@type":"PropertyValueSpecification","valueRequired":true,"valueName":"search_term_string"}}],"inLanguage":"sr-RS"},{"@type":"Organization","@id":"https:\/\/crp.rs\/#organization","name":"CRP","url":"https:\/\/crp.rs\/","logo":{"@type":"ImageObject","inLanguage":"sr-RS","@id":"https:\/\/crp.rs\/#\/schema\/logo\/image\/","url":"https:\/\/crp.rs\/wp-content\/uploads\/2025\/09\/cropped-CRP-LOGO-SAJT.png","contentUrl":"https:\/\/crp.rs\/wp-content\/uploads\/2025\/09\/cropped-CRP-LOGO-SAJT.png","width":1667,"height":667,"caption":"CRP"},"image":{"@id":"https:\/\/crp.rs\/#\/schema\/logo\/image\/"}},{"@type":"Person","@id":"https:\/\/crp.rs\/#\/schema\/person\/5a52185a159bf3f73025ca396929dabd","name":"CRP","image":{"@type":"ImageObject","inLanguage":"sr-RS","@id":"https:\/\/crp.rs\/#\/schema\/person\/image\/","url":"https:\/\/secure.gravatar.com\/avatar\/6c02a68bf21861e372603142ee10912924107e02c383d805afe76c08cee6b33b?s=96&d=mm&r=g","contentUrl":"https:\/\/secure.gravatar.com\/avatar\/6c02a68bf21861e372603142ee10912924107e02c383d805afe76c08cee6b33b?s=96&d=mm&r=g","caption":"CRP"},"sameAs":["https:\/\/crp.rs"],"url":"https:\/\/crp.rs\/index.php\/author\/administrator\/"}]}},"_links":{"self":[{"href":"https:\/\/crp.rs\/index.php\/wp-json\/wp\/v2\/posts\/2130","targetHints":{"allow":["GET"]}}],"collection":[{"href":"https:\/\/crp.rs\/index.php\/wp-json\/wp\/v2\/posts"}],"about":[{"href":"https:\/\/crp.rs\/index.php\/wp-json\/wp\/v2\/types\/post"}],"author":[{"embeddable":true,"href":"https:\/\/crp.rs\/index.php\/wp-json\/wp\/v2\/users\/1"}],"replies":[{"embeddable":true,"href":"https:\/\/crp.rs\/index.php\/wp-json\/wp\/v2\/comments?post=2130"}],"version-history":[{"count":5,"href":"https:\/\/crp.rs\/index.php\/wp-json\/wp\/v2\/posts\/2130\/revisions"}],"predecessor-version":[{"id":2144,"href":"https:\/\/crp.rs\/index.php\/wp-json\/wp\/v2\/posts\/2130\/revisions\/2144"}],"wp:featuredmedia":[{"embeddable":true,"href":"https:\/\/crp.rs\/index.php\/wp-json\/wp\/v2\/media\/2141"}],"wp:attachment":[{"href":"https:\/\/crp.rs\/index.php\/wp-json\/wp\/v2\/media?parent=2130"}],"wp:term":[{"taxonomy":"category","embeddable":true,"href":"https:\/\/crp.rs\/index.php\/wp-json\/wp\/v2\/categories?post=2130"},{"taxonomy":"post_tag","embeddable":true,"href":"https:\/\/crp.rs\/index.php\/wp-json\/wp\/v2\/tags?post=2130"}],"curies":[{"name":"wp","href":"https:\/\/api.w.org\/{rel}","templated":true}]}}