{"id":2146,"date":"2026-03-08T13:12:18","date_gmt":"2026-03-08T13:12:18","guid":{"rendered":"https:\/\/crp.rs\/?p=2146"},"modified":"2026-03-08T13:18:36","modified_gmt":"2026-03-08T13:18:36","slug":"vestacenje-dostavljeno-u-slucaju-nezakonite-izgradnje-kaldrme-u-cupriji","status":"publish","type":"post","link":"https:\/\/crp.rs\/index.php\/2026\/03\/08\/vestacenje-dostavljeno-u-slucaju-nezakonite-izgradnje-kaldrme-u-cupriji\/","title":{"rendered":"Ve\u0161ta\u010denje dostavljeno u slu\u010daju nezakonite izgradnje kaldrme u \u0106upriji"},"content":{"rendered":"\n<p>Ro\u010di\u0161te u postupku koji se vodi zbog nezakonite izgradnje \u201ekaldrme\u201c u Kara\u0111or\u0111evoj ulici u \u0106upriji <strong>odr\u017eano<\/strong> je 3. marta 2026. godine. Tokom postupka dostavljeno je i <strong>ve\u0161ta\u010denje<\/strong> koje se odnosi na radove izvedene na ovoj lokaciji.<\/p>\n\n\n\n<p>Ve\u0161tak je, u okviru izrade nalaza i mi\u0161ljenja, izvr\u0161io i uvi\u0111aj na licu mesta u \u0106upriji, gde je neposredno analizirao stanje izvedenih radova u Kara\u0111or\u0111evoj ulici. Nakon toga sudu je dostavio svoj nalaz i mi\u0161ljenje, koji su prosle\u0111eni svim u\u010desnicima u postupku.<\/p>\n\n\n\n<p>Ovaj dokument predstavlja va\u017ean dokazni materijal u postupku koji treba da utvrdi odgovornost za na\u010din na koji su izvedeni radovi na jednoj od glavnih ulica u \u0106upriji.<\/p>\n\n\n\n<p>Podse\u0107amo javnost da je Centar za razvoj Pomoravlja jo\u0161 2024. godine podneo <strong>prijavu za privredni prestup<\/strong> zbog na\u010dina na koji je realizovana izgradnja kaldrme u Kara\u0111or\u0111evoj ulici. Na osnovu te prijave pokrenut je postupak pred Privrednim sudom u Kragujevcu.<\/p>\n\n\n\n<p>Postupak se vodi protiv JKP \u201eRavna 2014\u201c iz \u0106uprije, kao naru\u010dioca radova, i preduze\u0107a \u201ePutotehna\u201c, kao izvo\u0111a\u010da radova.<\/p>\n\n\n\n<p>Slu\u010daj kaldrme u Kara\u0111or\u0111evoj ulici postao je simbol problema u realizaciji javnih radova u \u0106upriji  od planiranja i izvo\u0111enja, do kontrole kvaliteta i odgovornosti za tro\u0161enje javnog novca. Upravo zato je va\u017eno da se kroz sudski postupak utvrde sve \u010dinjenice i eventualna odgovornost u\u010desnika u ovom poslu.<\/p>\n\n\n\n<p>Centar za razvoj Pomoravlja nastavi\u0107e da prati tok postupka i da o svim va\u017enim informacijama obave\u0161tava gra\u0111ane.<\/p>\n\n\n\n<p>Nastavak su\u0111enja zakazan je za april 2026. godine.<\/p>\n\n\n\n<figure class=\"wp-block-image size-full\"><img loading=\"lazy\" decoding=\"async\" width=\"940\" height=\"788\" src=\"https:\/\/crp.rs\/wp-content\/uploads\/2026\/03\/Kaldrma-sudjenje.jpg\" alt=\"\" class=\"wp-image-2151\" srcset=\"https:\/\/crp.rs\/wp-content\/uploads\/2026\/03\/Kaldrma-sudjenje.jpg 940w, https:\/\/crp.rs\/wp-content\/uploads\/2026\/03\/Kaldrma-sudjenje-300x251.jpg 300w, https:\/\/crp.rs\/wp-content\/uploads\/2026\/03\/Kaldrma-sudjenje-768x644.jpg 768w\" sizes=\"auto, (max-width: 940px) 100vw, 940px\" \/><\/figure>\n<div style=\"margin-top: 0px; margin-bottom: 0px;\" class=\"sharethis-inline-share-buttons\" ><\/div>","protected":false},"excerpt":{"rendered":"<p>Ro\u010di\u0161te u postupku koji se vodi zbog nezakonite izgradnje \u201ekaldrme\u201c u Kara\u0111or\u0111evoj ulici u \u0106upriji odr\u017eano je 3. marta 2026. godine. Tokom postupka dostavljeno je i ve\u0161ta\u010denje koje se odnosi na radove izvedene na ovoj lokaciji. Ve\u0161tak je, u okviru izrade nalaza i mi\u0161ljenja, izvr\u0161io i uvi\u0111aj na licu mesta u \u0106upriji, gde je neposredno&#8230;<\/p>\n","protected":false},"author":1,"featured_media":2147,"comment_status":"open","ping_status":"open","sticky":false,"template":"","format":"standard","meta":{"_acf_changed":false,"_themeisle_gutenberg_block_has_review":false,"_kadence_starter_templates_imported_post":false,"_kad_post_transparent":"","_kad_post_title":"","_kad_post_layout":"","_kad_post_sidebar_id":"","_kad_post_content_style":"","_kad_post_vertical_padding":"","_kad_post_feature":"","_kad_post_feature_position":"","_kad_post_header":false,"_kad_post_footer":false,"footnotes":""},"categories":[28],"tags":[],"class_list":["post-2146","post","type-post","status-publish","format-standard","has-post-thumbnail","hentry","category-aktuelnosti"],"acf":[],"yoast_head":"<!-- This site is optimized with the Yoast SEO plugin v25.8 - https:\/\/yoast.com\/wordpress\/plugins\/seo\/ -->\n<title>Ve\u0161ta\u010denje dostavljeno u slu\u010daju nezakonite izgradnje kaldrme u \u0106upriji - CRP<\/title>\n<meta name=\"robots\" content=\"index, follow, max-snippet:-1, max-image-preview:large, max-video-preview:-1\" \/>\n<link rel=\"canonical\" href=\"https:\/\/crp.rs\/index.php\/2026\/03\/08\/vestacenje-dostavljeno-u-slucaju-nezakonite-izgradnje-kaldrme-u-cupriji\/\" \/>\n<meta property=\"og:locale\" content=\"sr_RS\" \/>\n<meta property=\"og:type\" content=\"article\" \/>\n<meta property=\"og:title\" content=\"Ve\u0161ta\u010denje dostavljeno u slu\u010daju nezakonite izgradnje kaldrme u \u0106upriji - CRP\" \/>\n<meta property=\"og:description\" content=\"Ro\u010di\u0161te u postupku koji se vodi zbog nezakonite izgradnje \u201ekaldrme\u201c u Kara\u0111or\u0111evoj ulici u \u0106upriji odr\u017eano je 3. marta 2026. godine. Tokom postupka dostavljeno je i ve\u0161ta\u010denje koje se odnosi na radove izvedene na ovoj lokaciji. Ve\u0161tak je, u okviru izrade nalaza i mi\u0161ljenja, izvr\u0161io i uvi\u0111aj na licu mesta u \u0106upriji, gde je neposredno...\" \/>\n<meta property=\"og:url\" content=\"https:\/\/crp.rs\/index.php\/2026\/03\/08\/vestacenje-dostavljeno-u-slucaju-nezakonite-izgradnje-kaldrme-u-cupriji\/\" \/>\n<meta property=\"og:site_name\" content=\"CRP\" \/>\n<meta property=\"article:published_time\" content=\"2026-03-08T13:12:18+00:00\" \/>\n<meta property=\"article:modified_time\" content=\"2026-03-08T13:18:36+00:00\" \/>\n<meta property=\"og:image\" content=\"https:\/\/crp.rs\/wp-content\/uploads\/2026\/03\/za-sajt.jpg\" \/>\n\t<meta property=\"og:image:width\" content=\"1080\" \/>\n\t<meta property=\"og:image:height\" content=\"1080\" \/>\n\t<meta property=\"og:image:type\" content=\"image\/jpeg\" \/>\n<meta name=\"author\" content=\"CRP\" \/>\n<meta name=\"twitter:card\" content=\"summary_large_image\" \/>\n<meta name=\"twitter:label1\" content=\"\u041d\u0430\u043f\u0438\u0441\u0430\u043d\u043e \u043e\u0434\" \/>\n\t<meta name=\"twitter:data1\" content=\"CRP\" \/>\n\t<meta name=\"twitter:label2\" content=\"\u041f\u0440\u043e\u0446\u0435\u045a\u0435\u043d\u043e \u0432\u0440\u0435\u043c\u0435 \u0447\u0438\u0442\u0430\u045a\u0430\" \/>\n\t<meta name=\"twitter:data2\" content=\"2 \u043c\u0438\u043d\u0443\u0442\u0430\" \/>\n<script type=\"application\/ld+json\" class=\"yoast-schema-graph\">{\"@context\":\"https:\/\/schema.org\",\"@graph\":[{\"@type\":\"Article\",\"@id\":\"https:\/\/crp.rs\/index.php\/2026\/03\/08\/vestacenje-dostavljeno-u-slucaju-nezakonite-izgradnje-kaldrme-u-cupriji\/#article\",\"isPartOf\":{\"@id\":\"https:\/\/crp.rs\/index.php\/2026\/03\/08\/vestacenje-dostavljeno-u-slucaju-nezakonite-izgradnje-kaldrme-u-cupriji\/\"},\"author\":{\"name\":\"CRP\",\"@id\":\"https:\/\/crp.rs\/#\/schema\/person\/5a52185a159bf3f73025ca396929dabd\"},\"headline\":\"Ve\u0161ta\u010denje dostavljeno u slu\u010daju nezakonite izgradnje kaldrme u \u0106upriji\",\"datePublished\":\"2026-03-08T13:12:18+00:00\",\"dateModified\":\"2026-03-08T13:18:36+00:00\",\"mainEntityOfPage\":{\"@id\":\"https:\/\/crp.rs\/index.php\/2026\/03\/08\/vestacenje-dostavljeno-u-slucaju-nezakonite-izgradnje-kaldrme-u-cupriji\/\"},\"wordCount\":279,\"commentCount\":0,\"publisher\":{\"@id\":\"https:\/\/crp.rs\/#organization\"},\"image\":{\"@id\":\"https:\/\/crp.rs\/index.php\/2026\/03\/08\/vestacenje-dostavljeno-u-slucaju-nezakonite-izgradnje-kaldrme-u-cupriji\/#primaryimage\"},\"thumbnailUrl\":\"https:\/\/crp.rs\/wp-content\/uploads\/2026\/03\/za-sajt.jpg\",\"articleSection\":[\"Aktuelnosti\"],\"inLanguage\":\"sr-RS\",\"potentialAction\":[{\"@type\":\"CommentAction\",\"name\":\"Comment\",\"target\":[\"https:\/\/crp.rs\/index.php\/2026\/03\/08\/vestacenje-dostavljeno-u-slucaju-nezakonite-izgradnje-kaldrme-u-cupriji\/#respond\"]}]},{\"@type\":\"WebPage\",\"@id\":\"https:\/\/crp.rs\/index.php\/2026\/03\/08\/vestacenje-dostavljeno-u-slucaju-nezakonite-izgradnje-kaldrme-u-cupriji\/\",\"url\":\"https:\/\/crp.rs\/index.php\/2026\/03\/08\/vestacenje-dostavljeno-u-slucaju-nezakonite-izgradnje-kaldrme-u-cupriji\/\",\"name\":\"Ve\u0161ta\u010denje dostavljeno u slu\u010daju nezakonite izgradnje kaldrme u \u0106upriji - CRP\",\"isPartOf\":{\"@id\":\"https:\/\/crp.rs\/#website\"},\"primaryImageOfPage\":{\"@id\":\"https:\/\/crp.rs\/index.php\/2026\/03\/08\/vestacenje-dostavljeno-u-slucaju-nezakonite-izgradnje-kaldrme-u-cupriji\/#primaryimage\"},\"image\":{\"@id\":\"https:\/\/crp.rs\/index.php\/2026\/03\/08\/vestacenje-dostavljeno-u-slucaju-nezakonite-izgradnje-kaldrme-u-cupriji\/#primaryimage\"},\"thumbnailUrl\":\"https:\/\/crp.rs\/wp-content\/uploads\/2026\/03\/za-sajt.jpg\",\"datePublished\":\"2026-03-08T13:12:18+00:00\",\"dateModified\":\"2026-03-08T13:18:36+00:00\",\"breadcrumb\":{\"@id\":\"https:\/\/crp.rs\/index.php\/2026\/03\/08\/vestacenje-dostavljeno-u-slucaju-nezakonite-izgradnje-kaldrme-u-cupriji\/#breadcrumb\"},\"inLanguage\":\"sr-RS\",\"potentialAction\":[{\"@type\":\"ReadAction\",\"target\":[\"https:\/\/crp.rs\/index.php\/2026\/03\/08\/vestacenje-dostavljeno-u-slucaju-nezakonite-izgradnje-kaldrme-u-cupriji\/\"]}]},{\"@type\":\"ImageObject\",\"inLanguage\":\"sr-RS\",\"@id\":\"https:\/\/crp.rs\/index.php\/2026\/03\/08\/vestacenje-dostavljeno-u-slucaju-nezakonite-izgradnje-kaldrme-u-cupriji\/#primaryimage\",\"url\":\"https:\/\/crp.rs\/wp-content\/uploads\/2026\/03\/za-sajt.jpg\",\"contentUrl\":\"https:\/\/crp.rs\/wp-content\/uploads\/2026\/03\/za-sajt.jpg\",\"width\":1080,\"height\":1080},{\"@type\":\"BreadcrumbList\",\"@id\":\"https:\/\/crp.rs\/index.php\/2026\/03\/08\/vestacenje-dostavljeno-u-slucaju-nezakonite-izgradnje-kaldrme-u-cupriji\/#breadcrumb\",\"itemListElement\":[{\"@type\":\"ListItem\",\"position\":1,\"name\":\"\u041f\u043e\u0447\u0435\u0442\u043d\u0430\",\"item\":\"https:\/\/crp.rs\/\"},{\"@type\":\"ListItem\",\"position\":2,\"name\":\"Ve\u0161ta\u010denje dostavljeno u slu\u010daju nezakonite izgradnje kaldrme u \u0106upriji\"}]},{\"@type\":\"WebSite\",\"@id\":\"https:\/\/crp.rs\/#website\",\"url\":\"https:\/\/crp.rs\/\",\"name\":\"CRP\",\"description\":\"Centar za Razvoj Pomoravlja\",\"publisher\":{\"@id\":\"https:\/\/crp.rs\/#organization\"},\"potentialAction\":[{\"@type\":\"SearchAction\",\"target\":{\"@type\":\"EntryPoint\",\"urlTemplate\":\"https:\/\/crp.rs\/?s={search_term_string}\"},\"query-input\":{\"@type\":\"PropertyValueSpecification\",\"valueRequired\":true,\"valueName\":\"search_term_string\"}}],\"inLanguage\":\"sr-RS\"},{\"@type\":\"Organization\",\"@id\":\"https:\/\/crp.rs\/#organization\",\"name\":\"CRP\",\"url\":\"https:\/\/crp.rs\/\",\"logo\":{\"@type\":\"ImageObject\",\"inLanguage\":\"sr-RS\",\"@id\":\"https:\/\/crp.rs\/#\/schema\/logo\/image\/\",\"url\":\"https:\/\/crp.rs\/wp-content\/uploads\/2025\/09\/cropped-CRP-LOGO-SAJT.png\",\"contentUrl\":\"https:\/\/crp.rs\/wp-content\/uploads\/2025\/09\/cropped-CRP-LOGO-SAJT.png\",\"width\":1667,\"height\":667,\"caption\":\"CRP\"},\"image\":{\"@id\":\"https:\/\/crp.rs\/#\/schema\/logo\/image\/\"}},{\"@type\":\"Person\",\"@id\":\"https:\/\/crp.rs\/#\/schema\/person\/5a52185a159bf3f73025ca396929dabd\",\"name\":\"CRP\",\"image\":{\"@type\":\"ImageObject\",\"inLanguage\":\"sr-RS\",\"@id\":\"https:\/\/crp.rs\/#\/schema\/person\/image\/\",\"url\":\"https:\/\/secure.gravatar.com\/avatar\/6c02a68bf21861e372603142ee10912924107e02c383d805afe76c08cee6b33b?s=96&d=mm&r=g\",\"contentUrl\":\"https:\/\/secure.gravatar.com\/avatar\/6c02a68bf21861e372603142ee10912924107e02c383d805afe76c08cee6b33b?s=96&d=mm&r=g\",\"caption\":\"CRP\"},\"sameAs\":[\"https:\/\/crp.rs\"],\"url\":\"https:\/\/crp.rs\/index.php\/author\/administrator\/\"}]}<\/script>\n<!-- \/ Yoast SEO plugin. -->","yoast_head_json":{"title":"Ve\u0161ta\u010denje dostavljeno u slu\u010daju nezakonite izgradnje kaldrme u \u0106upriji - CRP","robots":{"index":"index","follow":"follow","max-snippet":"max-snippet:-1","max-image-preview":"max-image-preview:large","max-video-preview":"max-video-preview:-1"},"canonical":"https:\/\/crp.rs\/index.php\/2026\/03\/08\/vestacenje-dostavljeno-u-slucaju-nezakonite-izgradnje-kaldrme-u-cupriji\/","og_locale":"sr_RS","og_type":"article","og_title":"Ve\u0161ta\u010denje dostavljeno u slu\u010daju nezakonite izgradnje kaldrme u \u0106upriji - CRP","og_description":"Ro\u010di\u0161te u postupku koji se vodi zbog nezakonite izgradnje \u201ekaldrme\u201c u Kara\u0111or\u0111evoj ulici u \u0106upriji odr\u017eano je 3. marta 2026. godine. Tokom postupka dostavljeno je i ve\u0161ta\u010denje koje se odnosi na radove izvedene na ovoj lokaciji. Ve\u0161tak je, u okviru izrade nalaza i mi\u0161ljenja, izvr\u0161io i uvi\u0111aj na licu mesta u \u0106upriji, gde je neposredno...","og_url":"https:\/\/crp.rs\/index.php\/2026\/03\/08\/vestacenje-dostavljeno-u-slucaju-nezakonite-izgradnje-kaldrme-u-cupriji\/","og_site_name":"CRP","article_published_time":"2026-03-08T13:12:18+00:00","article_modified_time":"2026-03-08T13:18:36+00:00","og_image":[{"width":1080,"height":1080,"url":"https:\/\/crp.rs\/wp-content\/uploads\/2026\/03\/za-sajt.jpg","type":"image\/jpeg"}],"author":"CRP","twitter_card":"summary_large_image","twitter_misc":{"\u041d\u0430\u043f\u0438\u0441\u0430\u043d\u043e \u043e\u0434":"CRP","\u041f\u0440\u043e\u0446\u0435\u045a\u0435\u043d\u043e \u0432\u0440\u0435\u043c\u0435 \u0447\u0438\u0442\u0430\u045a\u0430":"2 \u043c\u0438\u043d\u0443\u0442\u0430"},"schema":{"@context":"https:\/\/schema.org","@graph":[{"@type":"Article","@id":"https:\/\/crp.rs\/index.php\/2026\/03\/08\/vestacenje-dostavljeno-u-slucaju-nezakonite-izgradnje-kaldrme-u-cupriji\/#article","isPartOf":{"@id":"https:\/\/crp.rs\/index.php\/2026\/03\/08\/vestacenje-dostavljeno-u-slucaju-nezakonite-izgradnje-kaldrme-u-cupriji\/"},"author":{"name":"CRP","@id":"https:\/\/crp.rs\/#\/schema\/person\/5a52185a159bf3f73025ca396929dabd"},"headline":"Ve\u0161ta\u010denje dostavljeno u slu\u010daju nezakonite izgradnje kaldrme u \u0106upriji","datePublished":"2026-03-08T13:12:18+00:00","dateModified":"2026-03-08T13:18:36+00:00","mainEntityOfPage":{"@id":"https:\/\/crp.rs\/index.php\/2026\/03\/08\/vestacenje-dostavljeno-u-slucaju-nezakonite-izgradnje-kaldrme-u-cupriji\/"},"wordCount":279,"commentCount":0,"publisher":{"@id":"https:\/\/crp.rs\/#organization"},"image":{"@id":"https:\/\/crp.rs\/index.php\/2026\/03\/08\/vestacenje-dostavljeno-u-slucaju-nezakonite-izgradnje-kaldrme-u-cupriji\/#primaryimage"},"thumbnailUrl":"https:\/\/crp.rs\/wp-content\/uploads\/2026\/03\/za-sajt.jpg","articleSection":["Aktuelnosti"],"inLanguage":"sr-RS","potentialAction":[{"@type":"CommentAction","name":"Comment","target":["https:\/\/crp.rs\/index.php\/2026\/03\/08\/vestacenje-dostavljeno-u-slucaju-nezakonite-izgradnje-kaldrme-u-cupriji\/#respond"]}]},{"@type":"WebPage","@id":"https:\/\/crp.rs\/index.php\/2026\/03\/08\/vestacenje-dostavljeno-u-slucaju-nezakonite-izgradnje-kaldrme-u-cupriji\/","url":"https:\/\/crp.rs\/index.php\/2026\/03\/08\/vestacenje-dostavljeno-u-slucaju-nezakonite-izgradnje-kaldrme-u-cupriji\/","name":"Ve\u0161ta\u010denje dostavljeno u slu\u010daju nezakonite izgradnje kaldrme u \u0106upriji - CRP","isPartOf":{"@id":"https:\/\/crp.rs\/#website"},"primaryImageOfPage":{"@id":"https:\/\/crp.rs\/index.php\/2026\/03\/08\/vestacenje-dostavljeno-u-slucaju-nezakonite-izgradnje-kaldrme-u-cupriji\/#primaryimage"},"image":{"@id":"https:\/\/crp.rs\/index.php\/2026\/03\/08\/vestacenje-dostavljeno-u-slucaju-nezakonite-izgradnje-kaldrme-u-cupriji\/#primaryimage"},"thumbnailUrl":"https:\/\/crp.rs\/wp-content\/uploads\/2026\/03\/za-sajt.jpg","datePublished":"2026-03-08T13:12:18+00:00","dateModified":"2026-03-08T13:18:36+00:00","breadcrumb":{"@id":"https:\/\/crp.rs\/index.php\/2026\/03\/08\/vestacenje-dostavljeno-u-slucaju-nezakonite-izgradnje-kaldrme-u-cupriji\/#breadcrumb"},"inLanguage":"sr-RS","potentialAction":[{"@type":"ReadAction","target":["https:\/\/crp.rs\/index.php\/2026\/03\/08\/vestacenje-dostavljeno-u-slucaju-nezakonite-izgradnje-kaldrme-u-cupriji\/"]}]},{"@type":"ImageObject","inLanguage":"sr-RS","@id":"https:\/\/crp.rs\/index.php\/2026\/03\/08\/vestacenje-dostavljeno-u-slucaju-nezakonite-izgradnje-kaldrme-u-cupriji\/#primaryimage","url":"https:\/\/crp.rs\/wp-content\/uploads\/2026\/03\/za-sajt.jpg","contentUrl":"https:\/\/crp.rs\/wp-content\/uploads\/2026\/03\/za-sajt.jpg","width":1080,"height":1080},{"@type":"BreadcrumbList","@id":"https:\/\/crp.rs\/index.php\/2026\/03\/08\/vestacenje-dostavljeno-u-slucaju-nezakonite-izgradnje-kaldrme-u-cupriji\/#breadcrumb","itemListElement":[{"@type":"ListItem","position":1,"name":"\u041f\u043e\u0447\u0435\u0442\u043d\u0430","item":"https:\/\/crp.rs\/"},{"@type":"ListItem","position":2,"name":"Ve\u0161ta\u010denje dostavljeno u slu\u010daju nezakonite izgradnje kaldrme u \u0106upriji"}]},{"@type":"WebSite","@id":"https:\/\/crp.rs\/#website","url":"https:\/\/crp.rs\/","name":"CRP","description":"Centar za Razvoj Pomoravlja","publisher":{"@id":"https:\/\/crp.rs\/#organization"},"potentialAction":[{"@type":"SearchAction","target":{"@type":"EntryPoint","urlTemplate":"https:\/\/crp.rs\/?s={search_term_string}"},"query-input":{"@type":"PropertyValueSpecification","valueRequired":true,"valueName":"search_term_string"}}],"inLanguage":"sr-RS"},{"@type":"Organization","@id":"https:\/\/crp.rs\/#organization","name":"CRP","url":"https:\/\/crp.rs\/","logo":{"@type":"ImageObject","inLanguage":"sr-RS","@id":"https:\/\/crp.rs\/#\/schema\/logo\/image\/","url":"https:\/\/crp.rs\/wp-content\/uploads\/2025\/09\/cropped-CRP-LOGO-SAJT.png","contentUrl":"https:\/\/crp.rs\/wp-content\/uploads\/2025\/09\/cropped-CRP-LOGO-SAJT.png","width":1667,"height":667,"caption":"CRP"},"image":{"@id":"https:\/\/crp.rs\/#\/schema\/logo\/image\/"}},{"@type":"Person","@id":"https:\/\/crp.rs\/#\/schema\/person\/5a52185a159bf3f73025ca396929dabd","name":"CRP","image":{"@type":"ImageObject","inLanguage":"sr-RS","@id":"https:\/\/crp.rs\/#\/schema\/person\/image\/","url":"https:\/\/secure.gravatar.com\/avatar\/6c02a68bf21861e372603142ee10912924107e02c383d805afe76c08cee6b33b?s=96&d=mm&r=g","contentUrl":"https:\/\/secure.gravatar.com\/avatar\/6c02a68bf21861e372603142ee10912924107e02c383d805afe76c08cee6b33b?s=96&d=mm&r=g","caption":"CRP"},"sameAs":["https:\/\/crp.rs"],"url":"https:\/\/crp.rs\/index.php\/author\/administrator\/"}]}},"_links":{"self":[{"href":"https:\/\/crp.rs\/index.php\/wp-json\/wp\/v2\/posts\/2146","targetHints":{"allow":["GET"]}}],"collection":[{"href":"https:\/\/crp.rs\/index.php\/wp-json\/wp\/v2\/posts"}],"about":[{"href":"https:\/\/crp.rs\/index.php\/wp-json\/wp\/v2\/types\/post"}],"author":[{"embeddable":true,"href":"https:\/\/crp.rs\/index.php\/wp-json\/wp\/v2\/users\/1"}],"replies":[{"embeddable":true,"href":"https:\/\/crp.rs\/index.php\/wp-json\/wp\/v2\/comments?post=2146"}],"version-history":[{"count":2,"href":"https:\/\/crp.rs\/index.php\/wp-json\/wp\/v2\/posts\/2146\/revisions"}],"predecessor-version":[{"id":2152,"href":"https:\/\/crp.rs\/index.php\/wp-json\/wp\/v2\/posts\/2146\/revisions\/2152"}],"wp:featuredmedia":[{"embeddable":true,"href":"https:\/\/crp.rs\/index.php\/wp-json\/wp\/v2\/media\/2147"}],"wp:attachment":[{"href":"https:\/\/crp.rs\/index.php\/wp-json\/wp\/v2\/media?parent=2146"}],"wp:term":[{"taxonomy":"category","embeddable":true,"href":"https:\/\/crp.rs\/index.php\/wp-json\/wp\/v2\/categories?post=2146"},{"taxonomy":"post_tag","embeddable":true,"href":"https:\/\/crp.rs\/index.php\/wp-json\/wp\/v2\/tags?post=2146"}],"curies":[{"name":"wp","href":"https:\/\/api.w.org\/{rel}","templated":true}]}}