{"id":2182,"date":"2026-04-04T12:32:51","date_gmt":"2026-04-04T12:32:51","guid":{"rendered":"https:\/\/crp.rs\/?p=2182"},"modified":"2026-04-04T12:36:44","modified_gmt":"2026-04-04T12:36:44","slug":"primedbe-na-plan-industrijski-park-dobricevo-projekat-bez-adekvatne-strucne-osnove","status":"publish","type":"post","link":"https:\/\/crp.rs\/index.php\/2026\/04\/04\/primedbe-na-plan-industrijski-park-dobricevo-projekat-bez-adekvatne-strucne-osnove\/","title":{"rendered":"Primedbe na plan \u201eIndustrijski park Dobri\u010devo\u201c: projekat bez adekvatne stru\u010dne osnove"},"content":{"rendered":"\n<p>Centar za razvoj Pomoravlja podneo je zvani\u010dne primedbe na Elaborat za rani javni uvid povodom izrade Izmena i dopuna Plana detaljne regulacije \u201eIndustrijski park Dobri\u010devo\u201c.<\/p>\n\n\n\n<p>Iako je uvid formalno organizovan u zgradi Op\u0161tine \u0106uprija, zbog posete &#8222;delegacije&#8220; bili smo u nemogu\u0107nosti potpunog pristupa dokumentaciji, nismo imali priliku da se adekvatno upoznamo sa svim aspektima ovog izuzetno va\u017enog planskog dokumenta. Umesto toga, pru\u017eene su parcijalne informacije, \u0161to dodatno problematizuje transparentnost celog procesa.<\/p>\n\n\n\n<h3 class=\"wp-block-heading\">Uni\u0161tavanje najvrednijeg poljoprivrednog zemlji\u0161ta<\/h3>\n\n\n\n<p>Plan predvi\u0111a izgradnju industrijske zone na zemlji\u0161tu I i II klase, koje predstavlja najkvalitetniji i najza\u0161ti\u0107eniji resurs u Republici Srbiji. Njegova prenamena je zakonom strogo ograni\u010dena, a ovakvo plansko re\u0161enje direktno naru\u0161ava i zakon i Prostorni plan op\u0161tine \u0106uprija.<\/p>\n\n\n\n<h3 class=\"wp-block-heading\">Projekat bez presedana i bez osnova<\/h3>\n\n\n\n<p>Obim planiranog zahvata je alarmantan:<\/p>\n\n\n\n<ul class=\"wp-block-list\">\n<li>oko <strong>550 hektara<\/strong> povr\u0161ine<\/li>\n\n\n\n<li>\u010dak <strong>12 miliona m\u00b2 proizvodnih kapaciteta<\/strong><\/li>\n\n\n\n<li>vi\u0161e od <strong>1 milion m\u00b2 stambenih i sportskih sadr\u017eaja<\/strong><\/li>\n<\/ul>\n\n\n\n<p>Posebno zabrinjava planirana izgradnja naselja na 18 hektara, bez adekvatne infrastrukture, sa spratno\u0161\u0107u od P+10 spratova.  Novoplanirana stambena zona od 756 000 m<sup>2<\/sup> bruto razvijene gra\u0111evinske povr\u0161ine, podrazumeva izgradnju oko <strong>9500 stanova<\/strong> prose\u010dne neto kvadrature od 60 m<sup>2<\/sup>, sa aproksimativno <strong>25 000 stanovnika<\/strong>, dok je po poslednjem popisu iz 2022. godine cela administrativna teritorija op\u0161tine \u0106uprija imala <strong>25.325 stanovnika.<\/strong><\/p>\n\n\n\n<p>Ovakav projekat daleko prevazilazi okvir plana detaljne regulacije i zahteva ozbiljne strate\u0161ke analize koje nisu predstavljene javnosti \u2013 uklju\u010duju\u0107i procenu uticaja na \u017eivotnu sredinu, saobra\u0107ajne i infrastrukturne studije, kao i socio-ekonomsku odr\u017eivost.<\/p>\n\n\n\n<h3 class=\"wp-block-heading\">Kr\u0161enje osnovnih pravila planiranja<\/h3>\n\n\n\n<p>Plan nije uskla\u0111en sa va\u017ee\u0107im propisima i planskim dokumentima:<\/p>\n\n\n\n<ul class=\"wp-block-list\">\n<li>stanovanje se uvodi u proizvodne zone, \u0161to nije dozvoljeno<\/li>\n\n\n\n<li>prekora\u010deni su osnovni urbanisti\u010dki parametri<\/li>\n\n\n\n<li>nisu obezbe\u0111eni minimalni standardi zelenih povr\u0161ina<\/li>\n\n\n\n<li>socijalna infrastruktura nije adekvatno definisana<\/li>\n<\/ul>\n\n\n\n<p>Ovim se ozbiljno ugro\u017eava javni interes i kvalitet \u017eivota budu\u0107ih i postoje\u0107ih stanovnika.<\/p>\n\n\n\n<h3 class=\"wp-block-heading\">Nejasno\u0107e, kontradikcije i \u201eprazni pojmovi\u201c<\/h3>\n\n\n\n<p>Plansko re\u0161enje obiluje nepreciznim formulacijama i neodgovorenim pitanjima:<\/p>\n\n\n\n<ul class=\"wp-block-list\">\n<li>Kako se ovakav projekat uklapa u strategiju razvoja zasnovanu na odr\u017eivosti i lokalnim resursima?<\/li>\n\n\n\n<li>Na koji na\u010din doprinosi razvoju lokalne zajednice?<\/li>\n\n\n\n<li>Gde su za\u0161titne zone zelenila i ekolo\u0161ki standardi?<\/li>\n\n\n\n<li>Kako je procenjena ogromna gra\u0111evinska povr\u0161ina u rekreativnim zonama?<\/li>\n<\/ul>\n\n\n\n<p>Upotreba termina poput \u201eekolo\u0161ke odr\u017eivosti\u201c bez stvarnog sadr\u017eaja predstavlja poku\u0161aj formalnog opravdavanja projekta bez su\u0161tinskog utemeljenja.<\/p>\n\n\n\n<h3 class=\"wp-block-heading\">Nedostatak transparentnosti<\/h3>\n\n\n\n<p>Planiranje je javna delatnost. Ipak, klju\u010dna dokumentacija \u2013 uklju\u010duju\u0107i me\u0111udr\u017eavne ugovore i master plan \u2013 nije dostupna javnosti. Ovo je neprihvatljivo i suprotno principima odgovornog upravljanja.<\/p>\n\n\n\n<h3 class=\"wp-block-heading\">Rizik po \u017eivotnu sredinu i zdravlje gra\u0111ana<\/h3>\n\n\n\n<p><strong>Posebno upozoravamo na ozbiljan rizik od zaga\u0111enja reke Ravanice<\/strong>. Planirano ispu\u0161tanje otpadnih voda iz industrijske zone predstavlja potencijalnu ekolo\u0161ku katastrofu, naro\u010dito u slu\u010daju kvara ili neadekvatnog odr\u017eavanja postrojenja.<\/p>\n\n\n\n<p>Posledice bi direktno osetili gra\u0111ani \u0106uprije i svi nizvodno od planiranog kompleksa \u2013 kroz ugro\u017eavanje kvaliteta vode, \u017eivotne sredine i zdravlja.<\/p>\n\n\n\n<h2 class=\"wp-block-heading\">Zahtev<\/h2>\n\n\n\n<p><strong>Zbog svega navedenog, zahtevamo &#8211;  povla\u010denje ili stavljanje van snage predlo\u017eenog planskog re\u0161enja.<\/strong><\/p>\n\n\n\n<figure class=\"wp-block-image size-large\"><img loading=\"lazy\" decoding=\"async\" width=\"1024\" height=\"602\" src=\"https:\/\/crp.rs\/wp-content\/uploads\/2026\/04\/Primedbe-Dobricevo-1024x602.jpg\" alt=\"\" class=\"wp-image-2186\" srcset=\"https:\/\/crp.rs\/wp-content\/uploads\/2026\/04\/Primedbe-Dobricevo-1024x602.jpg 1024w, https:\/\/crp.rs\/wp-content\/uploads\/2026\/04\/Primedbe-Dobricevo-300x176.jpg 300w, https:\/\/crp.rs\/wp-content\/uploads\/2026\/04\/Primedbe-Dobricevo-768x452.jpg 768w, https:\/\/crp.rs\/wp-content\/uploads\/2026\/04\/Primedbe-Dobricevo-1536x903.jpg 1536w, https:\/\/crp.rs\/wp-content\/uploads\/2026\/04\/Primedbe-Dobricevo-2048x1205.jpg 2048w\" sizes=\"auto, (max-width: 1024px) 100vw, 1024px\" \/><\/figure>\n<div style=\"margin-top: 0px; margin-bottom: 0px;\" class=\"sharethis-inline-share-buttons\" ><\/div>","protected":false},"excerpt":{"rendered":"<p>Centar za razvoj Pomoravlja podneo je zvani\u010dne primedbe na Elaborat za rani javni uvid povodom izrade Izmena i dopuna Plana detaljne regulacije \u201eIndustrijski park Dobri\u010devo\u201c. Iako je uvid formalno organizovan u zgradi Op\u0161tine \u0106uprija, zbog posete &#8222;delegacije&#8220; bili smo u nemogu\u0107nosti potpunog pristupa dokumentaciji, nismo imali priliku da se adekvatno upoznamo sa svim aspektima ovog&#8230;<\/p>\n","protected":false},"author":1,"featured_media":2184,"comment_status":"open","ping_status":"open","sticky":false,"template":"","format":"standard","meta":{"_acf_changed":false,"_themeisle_gutenberg_block_has_review":false,"_kadence_starter_templates_imported_post":false,"_kad_post_transparent":"","_kad_post_title":"","_kad_post_layout":"","_kad_post_sidebar_id":"","_kad_post_content_style":"","_kad_post_vertical_padding":"","_kad_post_feature":"","_kad_post_feature_position":"","_kad_post_header":false,"_kad_post_footer":false,"footnotes":""},"categories":[28],"tags":[],"class_list":["post-2182","post","type-post","status-publish","format-standard","has-post-thumbnail","hentry","category-aktuelnosti"],"acf":[],"yoast_head":"<!-- This site is optimized with the Yoast SEO plugin v25.8 - https:\/\/yoast.com\/wordpress\/plugins\/seo\/ -->\n<title>Primedbe na plan \u201eIndustrijski park Dobri\u010devo\u201c: projekat bez adekvatne stru\u010dne osnove - CRP<\/title>\n<meta name=\"robots\" content=\"index, follow, max-snippet:-1, max-image-preview:large, max-video-preview:-1\" \/>\n<link rel=\"canonical\" href=\"https:\/\/crp.rs\/index.php\/2026\/04\/04\/primedbe-na-plan-industrijski-park-dobricevo-projekat-bez-adekvatne-strucne-osnove\/\" \/>\n<meta property=\"og:locale\" content=\"sr_RS\" \/>\n<meta property=\"og:type\" content=\"article\" \/>\n<meta property=\"og:title\" content=\"Primedbe na plan \u201eIndustrijski park Dobri\u010devo\u201c: projekat bez adekvatne stru\u010dne osnove - CRP\" \/>\n<meta property=\"og:description\" content=\"Centar za razvoj Pomoravlja podneo je zvani\u010dne primedbe na Elaborat za rani javni uvid povodom izrade Izmena i dopuna Plana detaljne regulacije \u201eIndustrijski park Dobri\u010devo\u201c. Iako je uvid formalno organizovan u zgradi Op\u0161tine \u0106uprija, zbog posete &#8222;delegacije&#8220; bili smo u nemogu\u0107nosti potpunog pristupa dokumentaciji, nismo imali priliku da se adekvatno upoznamo sa svim aspektima ovog...\" \/>\n<meta property=\"og:url\" content=\"https:\/\/crp.rs\/index.php\/2026\/04\/04\/primedbe-na-plan-industrijski-park-dobricevo-projekat-bez-adekvatne-strucne-osnove\/\" \/>\n<meta property=\"og:site_name\" content=\"CRP\" \/>\n<meta property=\"article:published_time\" content=\"2026-04-04T12:32:51+00:00\" \/>\n<meta property=\"article:modified_time\" content=\"2026-04-04T12:36:44+00:00\" \/>\n<meta property=\"og:image\" content=\"https:\/\/crp.rs\/wp-content\/uploads\/2026\/04\/dobriceno-sajt.jpg\" \/>\n\t<meta property=\"og:image:width\" content=\"1080\" \/>\n\t<meta property=\"og:image:height\" content=\"1080\" \/>\n\t<meta property=\"og:image:type\" content=\"image\/jpeg\" \/>\n<meta name=\"author\" content=\"CRP\" \/>\n<meta name=\"twitter:card\" content=\"summary_large_image\" \/>\n<meta name=\"twitter:label1\" content=\"\u041d\u0430\u043f\u0438\u0441\u0430\u043d\u043e \u043e\u0434\" \/>\n\t<meta name=\"twitter:data1\" content=\"CRP\" \/>\n\t<meta name=\"twitter:label2\" content=\"\u041f\u0440\u043e\u0446\u0435\u045a\u0435\u043d\u043e \u0432\u0440\u0435\u043c\u0435 \u0447\u0438\u0442\u0430\u045a\u0430\" \/>\n\t<meta name=\"twitter:data2\" content=\"3 \u043c\u0438\u043d\u0443\u0442\u0430\" \/>\n<script type=\"application\/ld+json\" class=\"yoast-schema-graph\">{\"@context\":\"https:\/\/schema.org\",\"@graph\":[{\"@type\":\"Article\",\"@id\":\"https:\/\/crp.rs\/index.php\/2026\/04\/04\/primedbe-na-plan-industrijski-park-dobricevo-projekat-bez-adekvatne-strucne-osnove\/#article\",\"isPartOf\":{\"@id\":\"https:\/\/crp.rs\/index.php\/2026\/04\/04\/primedbe-na-plan-industrijski-park-dobricevo-projekat-bez-adekvatne-strucne-osnove\/\"},\"author\":{\"name\":\"CRP\",\"@id\":\"https:\/\/crp.rs\/#\/schema\/person\/5a52185a159bf3f73025ca396929dabd\"},\"headline\":\"Primedbe na plan \u201eIndustrijski park Dobri\u010devo\u201c: projekat bez adekvatne stru\u010dne osnove\",\"datePublished\":\"2026-04-04T12:32:51+00:00\",\"dateModified\":\"2026-04-04T12:36:44+00:00\",\"mainEntityOfPage\":{\"@id\":\"https:\/\/crp.rs\/index.php\/2026\/04\/04\/primedbe-na-plan-industrijski-park-dobricevo-projekat-bez-adekvatne-strucne-osnove\/\"},\"wordCount\":518,\"commentCount\":1,\"publisher\":{\"@id\":\"https:\/\/crp.rs\/#organization\"},\"image\":{\"@id\":\"https:\/\/crp.rs\/index.php\/2026\/04\/04\/primedbe-na-plan-industrijski-park-dobricevo-projekat-bez-adekvatne-strucne-osnove\/#primaryimage\"},\"thumbnailUrl\":\"https:\/\/crp.rs\/wp-content\/uploads\/2026\/04\/dobriceno-sajt.jpg\",\"articleSection\":[\"Aktuelnosti\"],\"inLanguage\":\"sr-RS\",\"potentialAction\":[{\"@type\":\"CommentAction\",\"name\":\"Comment\",\"target\":[\"https:\/\/crp.rs\/index.php\/2026\/04\/04\/primedbe-na-plan-industrijski-park-dobricevo-projekat-bez-adekvatne-strucne-osnove\/#respond\"]}]},{\"@type\":\"WebPage\",\"@id\":\"https:\/\/crp.rs\/index.php\/2026\/04\/04\/primedbe-na-plan-industrijski-park-dobricevo-projekat-bez-adekvatne-strucne-osnove\/\",\"url\":\"https:\/\/crp.rs\/index.php\/2026\/04\/04\/primedbe-na-plan-industrijski-park-dobricevo-projekat-bez-adekvatne-strucne-osnove\/\",\"name\":\"Primedbe na plan \u201eIndustrijski park Dobri\u010devo\u201c: projekat bez adekvatne stru\u010dne osnove - CRP\",\"isPartOf\":{\"@id\":\"https:\/\/crp.rs\/#website\"},\"primaryImageOfPage\":{\"@id\":\"https:\/\/crp.rs\/index.php\/2026\/04\/04\/primedbe-na-plan-industrijski-park-dobricevo-projekat-bez-adekvatne-strucne-osnove\/#primaryimage\"},\"image\":{\"@id\":\"https:\/\/crp.rs\/index.php\/2026\/04\/04\/primedbe-na-plan-industrijski-park-dobricevo-projekat-bez-adekvatne-strucne-osnove\/#primaryimage\"},\"thumbnailUrl\":\"https:\/\/crp.rs\/wp-content\/uploads\/2026\/04\/dobriceno-sajt.jpg\",\"datePublished\":\"2026-04-04T12:32:51+00:00\",\"dateModified\":\"2026-04-04T12:36:44+00:00\",\"breadcrumb\":{\"@id\":\"https:\/\/crp.rs\/index.php\/2026\/04\/04\/primedbe-na-plan-industrijski-park-dobricevo-projekat-bez-adekvatne-strucne-osnove\/#breadcrumb\"},\"inLanguage\":\"sr-RS\",\"potentialAction\":[{\"@type\":\"ReadAction\",\"target\":[\"https:\/\/crp.rs\/index.php\/2026\/04\/04\/primedbe-na-plan-industrijski-park-dobricevo-projekat-bez-adekvatne-strucne-osnove\/\"]}]},{\"@type\":\"ImageObject\",\"inLanguage\":\"sr-RS\",\"@id\":\"https:\/\/crp.rs\/index.php\/2026\/04\/04\/primedbe-na-plan-industrijski-park-dobricevo-projekat-bez-adekvatne-strucne-osnove\/#primaryimage\",\"url\":\"https:\/\/crp.rs\/wp-content\/uploads\/2026\/04\/dobriceno-sajt.jpg\",\"contentUrl\":\"https:\/\/crp.rs\/wp-content\/uploads\/2026\/04\/dobriceno-sajt.jpg\",\"width\":1080,\"height\":1080},{\"@type\":\"BreadcrumbList\",\"@id\":\"https:\/\/crp.rs\/index.php\/2026\/04\/04\/primedbe-na-plan-industrijski-park-dobricevo-projekat-bez-adekvatne-strucne-osnove\/#breadcrumb\",\"itemListElement\":[{\"@type\":\"ListItem\",\"position\":1,\"name\":\"\u041f\u043e\u0447\u0435\u0442\u043d\u0430\",\"item\":\"https:\/\/crp.rs\/\"},{\"@type\":\"ListItem\",\"position\":2,\"name\":\"Primedbe na plan \u201eIndustrijski park Dobri\u010devo\u201c: projekat bez adekvatne stru\u010dne osnove\"}]},{\"@type\":\"WebSite\",\"@id\":\"https:\/\/crp.rs\/#website\",\"url\":\"https:\/\/crp.rs\/\",\"name\":\"CRP\",\"description\":\"Centar za Razvoj Pomoravlja\",\"publisher\":{\"@id\":\"https:\/\/crp.rs\/#organization\"},\"potentialAction\":[{\"@type\":\"SearchAction\",\"target\":{\"@type\":\"EntryPoint\",\"urlTemplate\":\"https:\/\/crp.rs\/?s={search_term_string}\"},\"query-input\":{\"@type\":\"PropertyValueSpecification\",\"valueRequired\":true,\"valueName\":\"search_term_string\"}}],\"inLanguage\":\"sr-RS\"},{\"@type\":\"Organization\",\"@id\":\"https:\/\/crp.rs\/#organization\",\"name\":\"CRP\",\"url\":\"https:\/\/crp.rs\/\",\"logo\":{\"@type\":\"ImageObject\",\"inLanguage\":\"sr-RS\",\"@id\":\"https:\/\/crp.rs\/#\/schema\/logo\/image\/\",\"url\":\"https:\/\/crp.rs\/wp-content\/uploads\/2025\/09\/cropped-CRP-LOGO-SAJT.png\",\"contentUrl\":\"https:\/\/crp.rs\/wp-content\/uploads\/2025\/09\/cropped-CRP-LOGO-SAJT.png\",\"width\":1667,\"height\":667,\"caption\":\"CRP\"},\"image\":{\"@id\":\"https:\/\/crp.rs\/#\/schema\/logo\/image\/\"}},{\"@type\":\"Person\",\"@id\":\"https:\/\/crp.rs\/#\/schema\/person\/5a52185a159bf3f73025ca396929dabd\",\"name\":\"CRP\",\"image\":{\"@type\":\"ImageObject\",\"inLanguage\":\"sr-RS\",\"@id\":\"https:\/\/crp.rs\/#\/schema\/person\/image\/\",\"url\":\"https:\/\/secure.gravatar.com\/avatar\/6c02a68bf21861e372603142ee10912924107e02c383d805afe76c08cee6b33b?s=96&d=mm&r=g\",\"contentUrl\":\"https:\/\/secure.gravatar.com\/avatar\/6c02a68bf21861e372603142ee10912924107e02c383d805afe76c08cee6b33b?s=96&d=mm&r=g\",\"caption\":\"CRP\"},\"sameAs\":[\"https:\/\/crp.rs\"],\"url\":\"https:\/\/crp.rs\/index.php\/author\/administrator\/\"}]}<\/script>\n<!-- \/ Yoast SEO plugin. -->","yoast_head_json":{"title":"Primedbe na plan \u201eIndustrijski park Dobri\u010devo\u201c: projekat bez adekvatne stru\u010dne osnove - CRP","robots":{"index":"index","follow":"follow","max-snippet":"max-snippet:-1","max-image-preview":"max-image-preview:large","max-video-preview":"max-video-preview:-1"},"canonical":"https:\/\/crp.rs\/index.php\/2026\/04\/04\/primedbe-na-plan-industrijski-park-dobricevo-projekat-bez-adekvatne-strucne-osnove\/","og_locale":"sr_RS","og_type":"article","og_title":"Primedbe na plan \u201eIndustrijski park Dobri\u010devo\u201c: projekat bez adekvatne stru\u010dne osnove - CRP","og_description":"Centar za razvoj Pomoravlja podneo je zvani\u010dne primedbe na Elaborat za rani javni uvid povodom izrade Izmena i dopuna Plana detaljne regulacije \u201eIndustrijski park Dobri\u010devo\u201c. Iako je uvid formalno organizovan u zgradi Op\u0161tine \u0106uprija, zbog posete &#8222;delegacije&#8220; bili smo u nemogu\u0107nosti potpunog pristupa dokumentaciji, nismo imali priliku da se adekvatno upoznamo sa svim aspektima ovog...","og_url":"https:\/\/crp.rs\/index.php\/2026\/04\/04\/primedbe-na-plan-industrijski-park-dobricevo-projekat-bez-adekvatne-strucne-osnove\/","og_site_name":"CRP","article_published_time":"2026-04-04T12:32:51+00:00","article_modified_time":"2026-04-04T12:36:44+00:00","og_image":[{"width":1080,"height":1080,"url":"https:\/\/crp.rs\/wp-content\/uploads\/2026\/04\/dobriceno-sajt.jpg","type":"image\/jpeg"}],"author":"CRP","twitter_card":"summary_large_image","twitter_misc":{"\u041d\u0430\u043f\u0438\u0441\u0430\u043d\u043e \u043e\u0434":"CRP","\u041f\u0440\u043e\u0446\u0435\u045a\u0435\u043d\u043e \u0432\u0440\u0435\u043c\u0435 \u0447\u0438\u0442\u0430\u045a\u0430":"3 \u043c\u0438\u043d\u0443\u0442\u0430"},"schema":{"@context":"https:\/\/schema.org","@graph":[{"@type":"Article","@id":"https:\/\/crp.rs\/index.php\/2026\/04\/04\/primedbe-na-plan-industrijski-park-dobricevo-projekat-bez-adekvatne-strucne-osnove\/#article","isPartOf":{"@id":"https:\/\/crp.rs\/index.php\/2026\/04\/04\/primedbe-na-plan-industrijski-park-dobricevo-projekat-bez-adekvatne-strucne-osnove\/"},"author":{"name":"CRP","@id":"https:\/\/crp.rs\/#\/schema\/person\/5a52185a159bf3f73025ca396929dabd"},"headline":"Primedbe na plan \u201eIndustrijski park Dobri\u010devo\u201c: projekat bez adekvatne stru\u010dne osnove","datePublished":"2026-04-04T12:32:51+00:00","dateModified":"2026-04-04T12:36:44+00:00","mainEntityOfPage":{"@id":"https:\/\/crp.rs\/index.php\/2026\/04\/04\/primedbe-na-plan-industrijski-park-dobricevo-projekat-bez-adekvatne-strucne-osnove\/"},"wordCount":518,"commentCount":1,"publisher":{"@id":"https:\/\/crp.rs\/#organization"},"image":{"@id":"https:\/\/crp.rs\/index.php\/2026\/04\/04\/primedbe-na-plan-industrijski-park-dobricevo-projekat-bez-adekvatne-strucne-osnove\/#primaryimage"},"thumbnailUrl":"https:\/\/crp.rs\/wp-content\/uploads\/2026\/04\/dobriceno-sajt.jpg","articleSection":["Aktuelnosti"],"inLanguage":"sr-RS","potentialAction":[{"@type":"CommentAction","name":"Comment","target":["https:\/\/crp.rs\/index.php\/2026\/04\/04\/primedbe-na-plan-industrijski-park-dobricevo-projekat-bez-adekvatne-strucne-osnove\/#respond"]}]},{"@type":"WebPage","@id":"https:\/\/crp.rs\/index.php\/2026\/04\/04\/primedbe-na-plan-industrijski-park-dobricevo-projekat-bez-adekvatne-strucne-osnove\/","url":"https:\/\/crp.rs\/index.php\/2026\/04\/04\/primedbe-na-plan-industrijski-park-dobricevo-projekat-bez-adekvatne-strucne-osnove\/","name":"Primedbe na plan \u201eIndustrijski park Dobri\u010devo\u201c: projekat bez adekvatne stru\u010dne osnove - CRP","isPartOf":{"@id":"https:\/\/crp.rs\/#website"},"primaryImageOfPage":{"@id":"https:\/\/crp.rs\/index.php\/2026\/04\/04\/primedbe-na-plan-industrijski-park-dobricevo-projekat-bez-adekvatne-strucne-osnove\/#primaryimage"},"image":{"@id":"https:\/\/crp.rs\/index.php\/2026\/04\/04\/primedbe-na-plan-industrijski-park-dobricevo-projekat-bez-adekvatne-strucne-osnove\/#primaryimage"},"thumbnailUrl":"https:\/\/crp.rs\/wp-content\/uploads\/2026\/04\/dobriceno-sajt.jpg","datePublished":"2026-04-04T12:32:51+00:00","dateModified":"2026-04-04T12:36:44+00:00","breadcrumb":{"@id":"https:\/\/crp.rs\/index.php\/2026\/04\/04\/primedbe-na-plan-industrijski-park-dobricevo-projekat-bez-adekvatne-strucne-osnove\/#breadcrumb"},"inLanguage":"sr-RS","potentialAction":[{"@type":"ReadAction","target":["https:\/\/crp.rs\/index.php\/2026\/04\/04\/primedbe-na-plan-industrijski-park-dobricevo-projekat-bez-adekvatne-strucne-osnove\/"]}]},{"@type":"ImageObject","inLanguage":"sr-RS","@id":"https:\/\/crp.rs\/index.php\/2026\/04\/04\/primedbe-na-plan-industrijski-park-dobricevo-projekat-bez-adekvatne-strucne-osnove\/#primaryimage","url":"https:\/\/crp.rs\/wp-content\/uploads\/2026\/04\/dobriceno-sajt.jpg","contentUrl":"https:\/\/crp.rs\/wp-content\/uploads\/2026\/04\/dobriceno-sajt.jpg","width":1080,"height":1080},{"@type":"BreadcrumbList","@id":"https:\/\/crp.rs\/index.php\/2026\/04\/04\/primedbe-na-plan-industrijski-park-dobricevo-projekat-bez-adekvatne-strucne-osnove\/#breadcrumb","itemListElement":[{"@type":"ListItem","position":1,"name":"\u041f\u043e\u0447\u0435\u0442\u043d\u0430","item":"https:\/\/crp.rs\/"},{"@type":"ListItem","position":2,"name":"Primedbe na plan \u201eIndustrijski park Dobri\u010devo\u201c: projekat bez adekvatne stru\u010dne osnove"}]},{"@type":"WebSite","@id":"https:\/\/crp.rs\/#website","url":"https:\/\/crp.rs\/","name":"CRP","description":"Centar za Razvoj Pomoravlja","publisher":{"@id":"https:\/\/crp.rs\/#organization"},"potentialAction":[{"@type":"SearchAction","target":{"@type":"EntryPoint","urlTemplate":"https:\/\/crp.rs\/?s={search_term_string}"},"query-input":{"@type":"PropertyValueSpecification","valueRequired":true,"valueName":"search_term_string"}}],"inLanguage":"sr-RS"},{"@type":"Organization","@id":"https:\/\/crp.rs\/#organization","name":"CRP","url":"https:\/\/crp.rs\/","logo":{"@type":"ImageObject","inLanguage":"sr-RS","@id":"https:\/\/crp.rs\/#\/schema\/logo\/image\/","url":"https:\/\/crp.rs\/wp-content\/uploads\/2025\/09\/cropped-CRP-LOGO-SAJT.png","contentUrl":"https:\/\/crp.rs\/wp-content\/uploads\/2025\/09\/cropped-CRP-LOGO-SAJT.png","width":1667,"height":667,"caption":"CRP"},"image":{"@id":"https:\/\/crp.rs\/#\/schema\/logo\/image\/"}},{"@type":"Person","@id":"https:\/\/crp.rs\/#\/schema\/person\/5a52185a159bf3f73025ca396929dabd","name":"CRP","image":{"@type":"ImageObject","inLanguage":"sr-RS","@id":"https:\/\/crp.rs\/#\/schema\/person\/image\/","url":"https:\/\/secure.gravatar.com\/avatar\/6c02a68bf21861e372603142ee10912924107e02c383d805afe76c08cee6b33b?s=96&d=mm&r=g","contentUrl":"https:\/\/secure.gravatar.com\/avatar\/6c02a68bf21861e372603142ee10912924107e02c383d805afe76c08cee6b33b?s=96&d=mm&r=g","caption":"CRP"},"sameAs":["https:\/\/crp.rs"],"url":"https:\/\/crp.rs\/index.php\/author\/administrator\/"}]}},"_links":{"self":[{"href":"https:\/\/crp.rs\/index.php\/wp-json\/wp\/v2\/posts\/2182","targetHints":{"allow":["GET"]}}],"collection":[{"href":"https:\/\/crp.rs\/index.php\/wp-json\/wp\/v2\/posts"}],"about":[{"href":"https:\/\/crp.rs\/index.php\/wp-json\/wp\/v2\/types\/post"}],"author":[{"embeddable":true,"href":"https:\/\/crp.rs\/index.php\/wp-json\/wp\/v2\/users\/1"}],"replies":[{"embeddable":true,"href":"https:\/\/crp.rs\/index.php\/wp-json\/wp\/v2\/comments?post=2182"}],"version-history":[{"count":3,"href":"https:\/\/crp.rs\/index.php\/wp-json\/wp\/v2\/posts\/2182\/revisions"}],"predecessor-version":[{"id":2189,"href":"https:\/\/crp.rs\/index.php\/wp-json\/wp\/v2\/posts\/2182\/revisions\/2189"}],"wp:featuredmedia":[{"embeddable":true,"href":"https:\/\/crp.rs\/index.php\/wp-json\/wp\/v2\/media\/2184"}],"wp:attachment":[{"href":"https:\/\/crp.rs\/index.php\/wp-json\/wp\/v2\/media?parent=2182"}],"wp:term":[{"taxonomy":"category","embeddable":true,"href":"https:\/\/crp.rs\/index.php\/wp-json\/wp\/v2\/categories?post=2182"},{"taxonomy":"post_tag","embeddable":true,"href":"https:\/\/crp.rs\/index.php\/wp-json\/wp\/v2\/tags?post=2182"}],"curies":[{"name":"wp","href":"https:\/\/api.w.org\/{rel}","templated":true}]}}